{"id":53925,"date":"2023-04-18T05:35:55","date_gmt":"2023-04-18T05:35:55","guid":{"rendered":"https:\/\/fmlatribu.com\/noticias\/?p=53925"},"modified":"2023-04-26T15:42:18","modified_gmt":"2023-04-26T15:42:18","slug":"caspala-resiste-el-avance-del-gobierno-de-morales","status":"publish","type":"post","link":"https:\/\/fmlatribu.com\/noticias\/caspala-resiste-el-avance-del-gobierno-de-morales\/","title":{"rendered":"Caspal\u00e1 resiste el avance del gobierno de Morales"},"content":{"rendered":"\n<p>La comunidad kolla de Caspal\u00e1 resiste al despojo de sus territorios por parte del gobierno provincial, quien pretende iniciar una serie de obras p\u00fablicas, incluida la construcci\u00f3n de una escuela, en el suelo de la comunidad. Piden que se cese con las persecuciones y el hostigamiento, que se respete la titularidad de sus tierras y que den marcha atr\u00e1s con el proyecto.<\/p>\n\n\n\n<p>\u201c<em>El Estado Provincial de Jujuy ha cometido todo tipo de violaciones a los Derechos Humanos en nuestro Territorio Comunitario de Caspala (Dpto. Valle Grande). Los tres poderes (Ejecutivo, Legislativo y Judicial) han tejido una compleja trama para tomar nuestras tierras bajo la excusa de utilizarlas en \u201cfines sociales<\/em>\u201d, publicaron en un comunicado.<\/p>\n\n\n\n<p>El conflicto se desat\u00f3 cuando el gobierno avanz\u00f3, de manera inconsulta, en ocupar una canchita de f\u00fatbol, espacio cultural y social que pertenece a la comunidad. Desde el pueblo kolla denuncian que a este acto le sigui\u00f3 represi\u00f3n y hostigamiento y la posterior expropiaci\u00f3n del terreno de una de las familias para avanzar con las obras en ese lugar. La problem\u00e1tica sobre la ubicaci\u00f3n de la escuela secundaria, que el gobierno busca construir, hab\u00eda sido abordada en 2015 cuando se entreg\u00f3 al Estado Provincial (Decreto Municipal N\u00b0 89\/2015) un lote de amplias dimensiones con ese objetivo.<\/p>\n\n\n\n<p><strong>Gustavo Ontiveros<\/strong>,&nbsp;&nbsp;integrante de la&nbsp;<strong>Asamblea de Comunidades Ind\u00edgenas<\/strong>&nbsp;que acompa\u00f1a la resistencia de Caspal\u00e1, sostuvo que \u201c<em>la resistencia y la defensa de la tierra es muy buena. Pero el pueblo sigue sitiado por la polic\u00eda de Morales<\/em>\u201c.<\/p>\n\n\n\n<figure class=\"wp-block-audio\"><audio controls src=\"https:\/\/fmlatribu.com\/noticias\/wp-content\/uploads\/2023\/04\/caspala1.mp3\"><\/audio><\/figure>\n\n\n\n<p>\u201c<em>Hemos realizado todo tipo de denuncias ante las mismas instituciones estatales que diariamente violan nuestros derechos. Por supuesto, sin resultado alguno<\/em>\u201c, contin\u00faa el comunicado.<\/p>\n\n\n\n<p>A esto&nbsp;<strong>Ontiveros<\/strong>&nbsp;agreg\u00f3: \u201c<em>Es el Estado Argentino el que comete estos horrores. Es un tema de racismo y xenofobia. Es una lucha contra el Estado racista<\/em>\u201c.<\/p>\n\n\n\n<figure class=\"wp-block-audio\"><audio controls src=\"https:\/\/fmlatribu.com\/noticias\/wp-content\/uploads\/2023\/04\/caspala-2.mp3\"><\/audio><\/figure>\n\n\n\n<p>El 26 de abril se har\u00e1 una inspecci\u00f3n ocular en el lugar a partir de una medida cautelar presentada por la comunidad. \u201c<em>La jueza y el gobierno se complotan. Hemos mostrado el t\u00edtulo de propiedad. El 26 va a ser otro circo m\u00e1s la jueza, donde seguramente no nos den lugar a la cautelar. Eso es lo que hacen los jueces en Jujuy<\/em>\u201c, opin\u00f3&nbsp;<strong>Ontiveros<\/strong>.<\/p>\n\n\n\n<figure class=\"wp-block-audio\"><audio controls src=\"https:\/\/fmlatribu.com\/noticias\/wp-content\/uploads\/2023\/04\/caspala-3.mp3\"><\/audio><\/figure>\n\n\n\n<p>Por \u00faltimo&nbsp;<strong>Ontiveros<\/strong>&nbsp;destac\u00f3 que es fundamental&nbsp;<em>\u201cla difusi\u00f3n frente al cerco medi\u00e1tico de los grandes medios de comunicaci\u00f3n, que no dan cobertura a estas problem\u00e1ticas. Han tratado de demonizar a la comunidad y sus dirigentes<\/em>\u201c.<\/p>\n\n\n\n<p><strong><em>*Producci\u00f3n: Charco de arena<br>*Foto: originarios.ar<\/em><\/strong><\/p>\n","protected":false},"excerpt":{"rendered":"<p>La comunidad kolla de Caspal\u00e1 resiste al despojo de sus territorios por parte del gobierno provincial, quien pretende iniciar una serie de obras p\u00fablicas, incluida la construcci\u00f3n de una escuela, en el suelo de la comunidad. Piden que se cese con las persecuciones y el hostigamiento, que se respete la titularidad de sus tierras y [&hellip;]<\/p>\n","protected":false},"author":3,"featured_media":53926,"comment_status":"closed","ping_status":"closed","sticky":false,"template":"","format":"standard","meta":{"footnotes":""},"categories":[438],"tags":[],"class_list":["post-53925","post","type-post","status-publish","format-standard","has-post-thumbnail","hentry","category-politica"],"_links":{"self":[{"href":"https:\/\/fmlatribu.com\/noticias\/wp-json\/wp\/v2\/posts\/53925","targetHints":{"allow":["GET"]}}],"collection":[{"href":"https:\/\/fmlatribu.com\/noticias\/wp-json\/wp\/v2\/posts"}],"about":[{"href":"https:\/\/fmlatribu.com\/noticias\/wp-json\/wp\/v2\/types\/post"}],"author":[{"embeddable":true,"href":"https:\/\/fmlatribu.com\/noticias\/wp-json\/wp\/v2\/users\/3"}],"replies":[{"embeddable":true,"href":"https:\/\/fmlatribu.com\/noticias\/wp-json\/wp\/v2\/comments?post=53925"}],"version-history":[{"count":3,"href":"https:\/\/fmlatribu.com\/noticias\/wp-json\/wp\/v2\/posts\/53925\/revisions"}],"predecessor-version":[{"id":53989,"href":"https:\/\/fmlatribu.com\/noticias\/wp-json\/wp\/v2\/posts\/53925\/revisions\/53989"}],"wp:featuredmedia":[{"embeddable":true,"href":"https:\/\/fmlatribu.com\/noticias\/wp-json\/wp\/v2\/media\/53926"}],"wp:attachment":[{"href":"https:\/\/fmlatribu.com\/noticias\/wp-json\/wp\/v2\/media?parent=53925"}],"wp:term":[{"taxonomy":"category","embeddable":true,"href":"https:\/\/fmlatribu.com\/noticias\/wp-json\/wp\/v2\/categories?post=53925"},{"taxonomy":"post_tag","embeddable":true,"href":"https:\/\/fmlatribu.com\/noticias\/wp-json\/wp\/v2\/tags?post=53925"}],"curies":[{"name":"wp","href":"https:\/\/api.w.org\/{rel}","templated":true}]}}