{"id":53932,"date":"2023-04-18T05:44:01","date_gmt":"2023-04-18T05:44:01","guid":{"rendered":"https:\/\/fmlatribu.com\/noticias\/?p=53932"},"modified":"2023-04-26T15:42:27","modified_gmt":"2023-04-26T15:42:27","slug":"pese-a-las-operaciones-mediaticas-la-ley-de-alquileres-sigue-vigente","status":"publish","type":"post","link":"https:\/\/fmlatribu.com\/noticias\/pese-a-las-operaciones-mediaticas-la-ley-de-alquileres-sigue-vigente\/","title":{"rendered":"Pese a las operaciones medi\u00e1ticas la Ley de Alquileres sigue vigente"},"content":{"rendered":"\n<p>Hace unos d\u00edas circul\u00f3 una operaci\u00f3n del mercado que puso en riesgo la Ley de Alquileres. El rumor que se intent\u00f3 instalar como ver\u00eddico fue la derogaci\u00f3n de la normativa que busca regular el mercado inmobiliario para el alquiler de viviendas.<\/p>\n\n\n\n<p><strong>Gervasio Mu\u00f1oz, titular de la Federaci\u00f3n Nacional de Inquilinxs,<\/strong>&nbsp;afirm\u00f3 que el responsable de la operaci\u00f3n de prensa en contra de la Ley de Alquileres \u201cfue (Sergio) Massa con los medios de comunicaci\u00f3n intentando presionar a otro sector del gobierno, sobre todo al Presidente, para que firme un decreto que suspenda la ley de alquileres y as\u00ed darle el gusto al mercado y hacia otros sectores del poder econ\u00f3mico\u201d.<\/p>\n\n\n\n<figure class=\"wp-block-audio\"><audio controls src=\"https:\/\/fmlatribu.com\/noticias\/wp-content\/uploads\/2023\/04\/GERVASIO_01.mp3\"><\/audio><\/figure>\n\n\n\n<p>\u201cPara que se suspenda la ley se tiene que hacer por otra ley en el Congreso Nacional\u201d, inform\u00f3&nbsp;<strong>Mu\u00f1oz<\/strong>&nbsp;y coment\u00f3 que \u201clos decretos para suspender leyes, etc\u00e9tera, son m\u00e1s bien de gobierno que no tienen mucha simpat\u00eda por la democracia porque lo que hacen es anular el rol del Congreso Nacional\u201d.<\/p>\n\n\n\n<figure class=\"wp-block-audio\"><audio controls src=\"https:\/\/fmlatribu.com\/noticias\/wp-content\/uploads\/2023\/04\/GERVASIO_02.mp3\"><\/audio><\/figure>\n\n\n\n<p>La ley no se suspendi\u00f3 ni se derog\u00f3 pero \u201cse profundiz\u00f3 el incumplimiento\u201d, advirti\u00f3 el titular de la Federaci\u00f3n Nacional del Inquilinxs. \u201cTodo el mercado est\u00e1 decidido a que los contratos sean m\u00e1s cortos, de un a\u00f1o, de dos a\u00f1os entonces te obligan a firmar por ese plazo y con aumentos trimestrales o semestrales por encima de la inflaci\u00f3n. Est\u00e1n haciendo aumentos semestrales del 55% o trimestrales del 30\u201d, afirm\u00f3&nbsp;<strong>Gervasio Mu\u00f1oz<\/strong>&nbsp;y a\u00f1adi\u00f3 que \u201ccada operaci\u00f3n de ese tipo, lo que hace es que el mercado avance\u201d, porque \u201cel Estado ha decidido no intervenir de ninguna forma\u201d.<\/p>\n\n\n\n<figure class=\"wp-block-audio\"><audio controls src=\"https:\/\/fmlatribu.com\/noticias\/wp-content\/uploads\/2023\/04\/GERVASIO_03.mp3\"><\/audio><\/figure>\n\n\n\n<p><em><strong>*Producci\u00f3n: Eso que falta<\/strong><\/em><\/p>\n","protected":false},"excerpt":{"rendered":"<p>Hace unos d\u00edas circul\u00f3 una operaci\u00f3n del mercado que puso en riesgo la Ley de Alquileres. El rumor que se intent\u00f3 instalar como ver\u00eddico fue la derogaci\u00f3n de la normativa que busca regular el mercado inmobiliario para el alquiler de viviendas. Gervasio Mu\u00f1oz, titular de la Federaci\u00f3n Nacional de Inquilinxs,&nbsp;afirm\u00f3 que el responsable de la [&hellip;]<\/p>\n","protected":false},"author":3,"featured_media":53933,"comment_status":"closed","ping_status":"closed","sticky":false,"template":"","format":"standard","meta":{"footnotes":""},"categories":[439],"tags":[],"class_list":["post-53932","post","type-post","status-publish","format-standard","has-post-thumbnail","hentry","category-derecho-a-la-ciudad"],"_links":{"self":[{"href":"https:\/\/fmlatribu.com\/noticias\/wp-json\/wp\/v2\/posts\/53932","targetHints":{"allow":["GET"]}}],"collection":[{"href":"https:\/\/fmlatribu.com\/noticias\/wp-json\/wp\/v2\/posts"}],"about":[{"href":"https:\/\/fmlatribu.com\/noticias\/wp-json\/wp\/v2\/types\/post"}],"author":[{"embeddable":true,"href":"https:\/\/fmlatribu.com\/noticias\/wp-json\/wp\/v2\/users\/3"}],"replies":[{"embeddable":true,"href":"https:\/\/fmlatribu.com\/noticias\/wp-json\/wp\/v2\/comments?post=53932"}],"version-history":[{"count":2,"href":"https:\/\/fmlatribu.com\/noticias\/wp-json\/wp\/v2\/posts\/53932\/revisions"}],"predecessor-version":[{"id":53990,"href":"https:\/\/fmlatribu.com\/noticias\/wp-json\/wp\/v2\/posts\/53932\/revisions\/53990"}],"wp:featuredmedia":[{"embeddable":true,"href":"https:\/\/fmlatribu.com\/noticias\/wp-json\/wp\/v2\/media\/53933"}],"wp:attachment":[{"href":"https:\/\/fmlatribu.com\/noticias\/wp-json\/wp\/v2\/media?parent=53932"}],"wp:term":[{"taxonomy":"category","embeddable":true,"href":"https:\/\/fmlatribu.com\/noticias\/wp-json\/wp\/v2\/categories?post=53932"},{"taxonomy":"post_tag","embeddable":true,"href":"https:\/\/fmlatribu.com\/noticias\/wp-json\/wp\/v2\/tags?post=53932"}],"curies":[{"name":"wp","href":"https:\/\/api.w.org\/{rel}","templated":true}]}}