{"id":54592,"date":"2023-07-19T13:56:15","date_gmt":"2023-07-19T13:56:15","guid":{"rendered":"https:\/\/fmlatribu.com\/noticias\/?p=54592"},"modified":"2023-07-28T17:46:35","modified_gmt":"2023-07-28T17:46:35","slug":"a-un-mes-de-la-represion-continua-la-lucha-de-los-pueblos-en-jujuy","status":"publish","type":"post","link":"https:\/\/fmlatribu.com\/noticias\/a-un-mes-de-la-represion-continua-la-lucha-de-los-pueblos-en-jujuy\/","title":{"rendered":"A un mes de la represi\u00f3n continua la lucha de los pueblos en Jujuy"},"content":{"rendered":"\n<p>Se cumpli\u00f3 un mes de la reforma de la Constituci\u00f3n de la provincia y de la represi\u00f3n contra docentes, comunidades originarias y diferentes sectores que repudiaron el proyecto constituyente de Gerardo Morales.<\/p>\n\n\n\n<p><strong>Liliana, integrante de la Red Puna <\/strong>que nuclea artesanas en resistencia, record\u00f3 que en este mes diferentes gremios decidieron salir a la calle para exigir mejoras salariales. \u00abLos gremios dijeron basta, necesitamos en un contexto inflacionario donde el poder adquisitivo se ha perdido en todos lados, pero ac\u00e1 particularmente en la provincia de Jujuy mucho m\u00e1s\u00bb, coment\u00f3 y a\u00f1adi\u00f3 que, \u00aben medio de estas protestas, se convoc\u00f3 a una Constituyente que ten\u00eda que sesionar en tres meses y sesion\u00f3 en menos de un mes y no se discuti\u00f3 ninguna propuesta solo se aprob\u00f3 la propuesta de Gerardo Morales. No hubo consulta popular, no hubo participaci\u00f3n de nada\u00bb. Las reformas fueron en contra de derechos de la comunidades originarias, su derecho a la tierra y en detrimento del derecho a la protesta.<\/p>\n\n\n\n<figure class=\"wp-block-audio\"><audio controls src=\"https:\/\/fmlatribu.com\/noticias\/wp-content\/uploads\/2023\/07\/LILIANA_01.mp3\"><\/audio><\/figure>\n\n\n\n<p>En medio del conflicto diferentes sectores de la poblaci\u00f3n lograron unirse de forma transversal. La defensa de los territorios y la lucha contra el extractivismo de litio por parte de las comunidades originarias es transversal a otros sectores y, del mismo modo las comunidades prestaron apoyo a las demandas de diferentes gremios. \u00abYo creo que no se esperaban toda esta resistencia, esta oposici\u00f3n firme no solo desde las comunidades ind\u00edgenas sino tambi\u00e9n desde los gremios, desde otros sectores de la sociedad\u00bb, coment\u00f3<strong> Liliana<\/strong> y destac\u00f3 que en el transcurso de este mes \u00abse arm\u00f3 una Multisectorial que se est\u00e1 articulando, se est\u00e1n planteando acciones de lucha conjunta, hay una solidaridad por los distintos reclamos y la verdad creo que eso es algo que no se lo esperaban y ojal\u00e1 que esta fortaleza y esto que se est\u00e1 capitalizando logre que se frene la represi\u00f3n, la impunidad, esa reforma de la constituci\u00f3n que es inconstitucional\u00bb.<\/p>\n\n\n\n<figure class=\"wp-block-audio\"><audio controls src=\"https:\/\/fmlatribu.com\/noticias\/wp-content\/uploads\/2023\/07\/LILIANA_02.mp3\"><\/audio><\/figure>\n\n\n\n<p>La integrante de la Red Puna inform\u00f3 que \u00abhubo una asamblea en el corte de la ruta 9 y 52, con todos los representantes de las comunidades. Se vot\u00f3 seguir en la lucha. Se va a hacer un viaje a Buenos Aires para seguir reclamando, se seguir\u00e1 con las medidas de corte de ruta y se va a seguir en solidaridad con otros gremios\u00bb. Adem\u00e1s, se\u00f1al\u00f3 que se sigue luchando por la libertad de todas las personas detenidas. \u00abAc\u00e1 se sigue a full con todo pero es necesario tambi\u00e9n poder difundirlo, lograr el apoyo desde otros lugares\u00bb, advirti\u00f3.<\/p>\n\n\n\n<figure class=\"wp-block-audio\"><audio controls src=\"https:\/\/fmlatribu.com\/noticias\/wp-content\/uploads\/2023\/07\/LILIANA_03.mp3\"><\/audio><\/figure>\n\n\n\n<p><\/p>\n\n\n\n<p>El pr\u00f3ximo 20 de julio habr\u00e1 movilizaciones y actos en Jujuy y Ciudad de Buenos Aires al conmemorarse 47 a\u00f1os del operativo implementado por el terrorismo de Estado durante la \u00faltima dictadura civil y militar conocido como \u00abLa noche del apag\u00f3n\u00bb en Ledesma.<\/p>\n\n\n\n<p>All\u00ed en Gobernador Libertador San Mart\u00edn y Caleligua los pueblos se unen marchando, en las rutas, esas que hoy comunican ancestralidad, tierra, agua, salarios y est\u00e1n presentes aquellas personas desaparecidas en la dictadura genocida donde ese apag\u00f3n repercute en el presente.<\/p>\n\n\n\n<p>En la provincia de Jujuy, desde el acto realizado frente a la <strong>Escuela Normal de Libertador General San Mart\u00edn<\/strong>, denuncian que el gobierno provincial de Gerardo Morales comunica a las empresas de transporte que no realicen viajes a Gobernador San Mart\u00edn y Caleligua donde a las 15:00 se har\u00e1 la 40\u00b0 Marcha del Apag\u00f3n, denuncia que da cuenta y<em> \u00abda se\u00f1ales de que tiene miedo de que nos manifestemos, da se\u00f1ales del miedo a que le cortemos las calles en toda Jujuy\u00bb.<\/em><\/p>\n\n\n\n<p>AUDIO<\/p>\n\n\n\n<figure class=\"wp-block-audio\"><audio controls src=\"https:\/\/fmlatribu.com\/noticias\/wp-content\/uploads\/2023\/07\/desde-el-acto-frente-a-la-escuela-denuncia.mp3\"><\/audio><\/figure>\n\n\n\n<p>En la ciudad de Buenos Aires, el <strong>Encuentro Memoria Verdad y Justicia<\/strong> convoca a las 14:30 frente a la casa de jujuy -donde hay una vigilia ya hace un mes hasta que caiga la reforma de Morales- para marchar hacia la Plaza de Mayo y acompa\u00f1ar la ronda de las Madres de Plaza de Mayo L\u00ednea Fundadora que siguen rondando por la impunidad de ayer y la de hoy.<\/p>\n\n\n\n<p><\/p>\n\n\n\n<p><strong>Producci\u00f3n: Charco de arena<br>Foto: Ra\u00fal Ferrari. Telam<\/strong><\/p>\n\n\n\n<p><em>*Para descargar los audios hacer clic con el bot\u00f3n derecho sobre el reproductor de audio<\/em><\/p>\n","protected":false},"excerpt":{"rendered":"<p>Se cumpli\u00f3 un mes de la reforma de la Constituci\u00f3n de la provincia y de la represi\u00f3n contra docentes, comunidades originarias y diferentes sectores que repudiaron el proyecto constituyente de Gerardo Morales. Liliana, integrante de la Red Puna que nuclea artesanas en resistencia, record\u00f3 que en este mes diferentes gremios decidieron salir a la calle [&hellip;]<\/p>\n","protected":false},"author":4,"featured_media":54596,"comment_status":"closed","ping_status":"closed","sticky":false,"template":"","format":"standard","meta":{"footnotes":""},"categories":[443,438],"tags":[559,421,560,558],"class_list":["post-54592","post","type-post","status-publish","format-standard","has-post-thumbnail","hentry","category-ambientales","category-politica","tag-extractivismo","tag-jujuy","tag-litio","tag-reforma-constitucional-jujuy"],"_links":{"self":[{"href":"https:\/\/fmlatribu.com\/noticias\/wp-json\/wp\/v2\/posts\/54592","targetHints":{"allow":["GET"]}}],"collection":[{"href":"https:\/\/fmlatribu.com\/noticias\/wp-json\/wp\/v2\/posts"}],"about":[{"href":"https:\/\/fmlatribu.com\/noticias\/wp-json\/wp\/v2\/types\/post"}],"author":[{"embeddable":true,"href":"https:\/\/fmlatribu.com\/noticias\/wp-json\/wp\/v2\/users\/4"}],"replies":[{"embeddable":true,"href":"https:\/\/fmlatribu.com\/noticias\/wp-json\/wp\/v2\/comments?post=54592"}],"version-history":[{"count":4,"href":"https:\/\/fmlatribu.com\/noticias\/wp-json\/wp\/v2\/posts\/54592\/revisions"}],"predecessor-version":[{"id":54610,"href":"https:\/\/fmlatribu.com\/noticias\/wp-json\/wp\/v2\/posts\/54592\/revisions\/54610"}],"wp:featuredmedia":[{"embeddable":true,"href":"https:\/\/fmlatribu.com\/noticias\/wp-json\/wp\/v2\/media\/54596"}],"wp:attachment":[{"href":"https:\/\/fmlatribu.com\/noticias\/wp-json\/wp\/v2\/media?parent=54592"}],"wp:term":[{"taxonomy":"category","embeddable":true,"href":"https:\/\/fmlatribu.com\/noticias\/wp-json\/wp\/v2\/categories?post=54592"},{"taxonomy":"post_tag","embeddable":true,"href":"https:\/\/fmlatribu.com\/noticias\/wp-json\/wp\/v2\/tags?post=54592"}],"curies":[{"name":"wp","href":"https:\/\/api.w.org\/{rel}","templated":true}]}}