{"id":54598,"date":"2023-07-20T12:58:13","date_gmt":"2023-07-20T12:58:13","guid":{"rendered":"https:\/\/fmlatribu.com\/noticias\/?p=54598"},"modified":"2023-07-28T17:46:27","modified_gmt":"2023-07-28T17:46:27","slug":"atentado-a-la-amia-29-anos-sin-justicia","status":"publish","type":"post","link":"https:\/\/fmlatribu.com\/noticias\/atentado-a-la-amia-29-anos-sin-justicia\/","title":{"rendered":"Atentado a la AMIA. 29 a\u00f1os sin justicia"},"content":{"rendered":"\n<p>Al cumplirse 29 a\u00f1os del atentado que el 18 de julio de 1994 hizo volar la mutual jud\u00eda AMIA y termin\u00f3 con la vida de 85 personas, la asociaci\u00f3n civil Memoria Activa convoc\u00f3 una vez m\u00e1s a la plaza Lavalle. Una de las exigencias en el documento que leyeron en el acto fue \u201cla disponibilidad de todos los archivos de inteligencia de todas las fuerzas de seguridad, as\u00ed como el estudio y an\u00e1lisis de todo el contenido. Que las leyes, las desclasificaciones, los trasladados de material de un lugar a otro, sirvan para algo y no para seguir engrosando fojas incomprensibles\u201d.<\/p>\n\n\n\n<p><strong>Diana Wassner Malamud, integrante de Memoria Activa y de la Comisi\u00f3n Directiva del Centro de Estudios Legales y Sociales (CELS)<\/strong>, afirm\u00f3 que \u00abpor un lado, no ha habido una decisi\u00f3n pol\u00edtica de que esto se resuelva por parte de ninguno de los gobiernos que se sucedieron en estos largos 29 a\u00f1os. Por otra parte, la poca disponibilidad de las fuerzas de seguridad, m\u00e1s all\u00e1 del gobierno de turno, en entregar los archivos. Esta cuesti\u00f3n del secretismo en nuestro pa\u00eds. Todas las fuerzas realizan inteligencia pero todo es siempre secreto\u00bb.<\/p>\n\n\n\n<figure class=\"wp-block-audio\"><audio controls src=\"https:\/\/fmlatribu.com\/noticias\/wp-content\/uploads\/2023\/07\/WASSNER_01.mp3\"><\/audio><\/figure>\n\n\n\n<p><br>En ese mismo documento los familiares de las v\u00edctimas sostuvieron que a esta altura \u201cnunca vamos a saber qui\u00e9n puso la bomba, pero s\u00ed sabemos qui\u00e9nes se ocuparon de ocultar la verdad. Aquellos que convirtieron a la causa AMIA en una alfombra llena de escombros sobre la que caminamos cada d\u00eda\u201d. En este sentido, la preservaci\u00f3n, el an\u00e1lisis y el acceso a los archivos es uno de los reclamos que la agrupaci\u00f3n Memoria Activa llev\u00f3 el a\u00f1o pasado ante la Corte Interamericana de Derechos Humanos (Corte-IDH). <strong>Diana Wassner Malamud<\/strong> afirm\u00f3 que \u00abel Estado se declar\u00f3 culpable, m\u00e1s all\u00e1 de que la Corte consider\u00f3 que el Estado es culpable. Estamos esperando que la Corte dicte la sentencia que debe estar en estos meses. En esa sentencia la Corte Interamericana lo que va a hacer es pautar que debe hacer el Estado y despu\u00e9s hacer el seguimiento de que el Estado cumpla. En ese sentido, una de las cosas que seguramente van a ocurrir es que vayan a hablar del tema de la desclasificaci\u00f3n y del archivo\u00bb. La integrante de Memoria Activa tambi\u00e9n destac\u00f3 que al cumplirse este a\u00f1o 40 a\u00f1os de democracia \u00abesto es una gran deuda de la democracia, una democracia con una corporaci\u00f3n judicial como la que tenemos, con el secreto de los servicios de inteligencia, es muy dif\u00edcil\u00bb.<\/p>\n\n\n\n<figure class=\"wp-block-audio\"><audio controls src=\"https:\/\/fmlatribu.com\/noticias\/wp-content\/uploads\/2023\/07\/WASSNER_02.mp3\"><\/audio><\/figure>\n\n\n\n<p>Memoria Activa tambi\u00e9n reclama acceder a los archivos que est\u00e1n en poder de otras agencias del Estado, por ejemplo de la Polic\u00eda Federal Argentina que tambi\u00e9n tuvo un rol importante en los primeros a\u00f1os de la investigaci\u00f3n del atentado. En marzo de 2020, el presidente Alberto Fern\u00e1ndez firm\u00f3 el Decreto 213 que desclasifica toda la informaci\u00f3n del atentado para reforzar el decreto de Cristina Fern\u00e1ndez de Kirchner en 2015 y el que impuls\u00f3 Macri en 2017. Pese a esto y a\u00fan al contar con una fiscal\u00eda especializada no se registran avances, <strong>Diana Wassner<\/strong> se\u00f1al\u00f3 que \u00abla Unidad Fiscal est\u00e1 a cargo de Sebasti\u00e1n Basso desde el gobierno de Macri, es un desastre esas fiscal\u00eda, no ha avanzado ni un \u00e1pice en estos a\u00f1os. Hemos pedido, por supuesto, que lo saquen, que lo separen. Es la misma fiscal\u00eda que ten\u00eda Nisman, con la misma gente, es bochornoso que nada cambie. Por otro lado, esta causa est\u00e1 delegada en esa Fiscal\u00eda Especial y tiene un juez a cargo que en este momento es el juez Rafecas, pero no es un juez designado, entonces cada seis meses se renueva si el juez acepta o no seguir con la causa, con lo cual, es muy complejo\u00bb.<\/p>\n\n\n\n<figure class=\"wp-block-audio\"><audio controls src=\"https:\/\/fmlatribu.com\/noticias\/wp-content\/uploads\/2023\/07\/WASSNER_03.mp3\"><\/audio><\/figure>\n\n\n\n<p><\/p>\n\n\n\n<p><\/p>\n\n\n\n<p><strong>Producci\u00f3n: Pasadas por alto<\/strong><\/p>\n\n\n\n<p><strong>Foto: Julio Menajovsky \/ Telam<\/strong><\/p>\n\n\n\n<p><em>*Para descargar los audios hacer clic con el bot\u00f3n derecho sobre el reproductor de audio<\/em><\/p>\n","protected":false},"excerpt":{"rendered":"<p>Al cumplirse 29 a\u00f1os del atentado que el 18 de julio de 1994 hizo volar la mutual jud\u00eda AMIA y termin\u00f3 con la vida de 85 personas, la asociaci\u00f3n civil Memoria Activa convoc\u00f3 una vez m\u00e1s a la plaza Lavalle. Una de las exigencias en el documento que leyeron en el acto fue \u201cla disponibilidad [&hellip;]<\/p>\n","protected":false},"author":4,"featured_media":54602,"comment_status":"closed","ping_status":"closed","sticky":false,"template":"","format":"standard","meta":{"footnotes":""},"categories":[438],"tags":[562,561,563],"class_list":["post-54598","post","type-post","status-publish","format-standard","has-post-thumbnail","hentry","category-politica","tag-29-anos-atentado-a-la-amia","tag-amia","tag-memoria-activa"],"_links":{"self":[{"href":"https:\/\/fmlatribu.com\/noticias\/wp-json\/wp\/v2\/posts\/54598","targetHints":{"allow":["GET"]}}],"collection":[{"href":"https:\/\/fmlatribu.com\/noticias\/wp-json\/wp\/v2\/posts"}],"about":[{"href":"https:\/\/fmlatribu.com\/noticias\/wp-json\/wp\/v2\/types\/post"}],"author":[{"embeddable":true,"href":"https:\/\/fmlatribu.com\/noticias\/wp-json\/wp\/v2\/users\/4"}],"replies":[{"embeddable":true,"href":"https:\/\/fmlatribu.com\/noticias\/wp-json\/wp\/v2\/comments?post=54598"}],"version-history":[{"count":1,"href":"https:\/\/fmlatribu.com\/noticias\/wp-json\/wp\/v2\/posts\/54598\/revisions"}],"predecessor-version":[{"id":54603,"href":"https:\/\/fmlatribu.com\/noticias\/wp-json\/wp\/v2\/posts\/54598\/revisions\/54603"}],"wp:featuredmedia":[{"embeddable":true,"href":"https:\/\/fmlatribu.com\/noticias\/wp-json\/wp\/v2\/media\/54602"}],"wp:attachment":[{"href":"https:\/\/fmlatribu.com\/noticias\/wp-json\/wp\/v2\/media?parent=54598"}],"wp:term":[{"taxonomy":"category","embeddable":true,"href":"https:\/\/fmlatribu.com\/noticias\/wp-json\/wp\/v2\/categories?post=54598"},{"taxonomy":"post_tag","embeddable":true,"href":"https:\/\/fmlatribu.com\/noticias\/wp-json\/wp\/v2\/tags?post=54598"}],"curies":[{"name":"wp","href":"https:\/\/api.w.org\/{rel}","templated":true}]}}