{"id":55404,"date":"2023-11-07T17:17:18","date_gmt":"2023-11-07T17:17:18","guid":{"rendered":"https:\/\/fmlatribu.com\/noticias\/?p=55404"},"modified":"2023-11-18T23:39:58","modified_gmt":"2023-11-18T23:39:58","slug":"separata-de-gastos-tributarios-un-debate-pendiente","status":"publish","type":"post","link":"https:\/\/fmlatribu.com\/noticias\/separata-de-gastos-tributarios-un-debate-pendiente\/","title":{"rendered":"Separata de gastos tributarios, un debate pendiente"},"content":{"rendered":"\n<p>El 25 de octubre se reuni\u00f3 la Comisi\u00f3n de Presupuesto y Hacienda de la C\u00e1mara de Diputados para discutir la \u201cseparata de gastos<br>tributarios\u201d.  Es el segundo a\u00f1o consecutivo en el que el Ministerio de Econom\u00eda env\u00eda al Congreso de la Naci\u00f3n \u2013junto con el proyecto de ley de presupuesto para el a\u00f1o pr\u00f3ximo\u2013 una\u00a0<em>separata<\/em>\u00a0sugiriendo revisar beneficios impositivos que tienen \u201cun impacto negativo significativo en la sostenibilidad de las cuentas p\u00fablicas.\u201d<strong>\u00a0<\/strong>De revisarse como sugiere el Ejecutivo, el presupuesto del a\u00f1o que viene podr\u00eda tener un super\u00e1vit del 1% del PIB. Dentro de la categor\u00eda de gastos tributarios entran los recursos que el Estado decide dejar de recaudar y que se puede implementar a trav\u00e9s de exenciones, cr\u00e9ditos o certificados fiscales, deducciones, moratorias, condonaciones. <\/p>\n\n\n\n<p>\u00ab<em>Deber\u00edan tener pol\u00edticas p\u00fablicas detr\u00e1s para favorecer algunos consumos, zonas, actividades o industrias. Lo que pasa en la pr\u00e1ctica es que esa pol\u00edtica p\u00fablica no existe detr\u00e1s o no fue revisada a lo largo del tiempo. Esto hace que este tipo de gastos tenga un tratamiento m\u00e1s opaco que los gastos directos<\/em>\u00ab, explic\u00f3 <strong>Julieta Izcurdia<\/strong>, <strong>coordinadora del programa Justicia Fiscal de la Asociaci\u00f3n Civil por la\u00a0 Igualdad y la Justicia<\/strong> (ACIJ).<\/p>\n\n\n\n<figure class=\"wp-block-audio\"><audio controls src=\"https:\/\/fmlatribu.com\/noticias\/wp-content\/uploads\/2023\/11\/acij1.mp3\"><\/audio><\/figure>\n\n\n\n<p>\u00ab<em>Un dato interesant\u00edsimo que trae la separata es que solo con relaci\u00f3n a inmuebles rurales, localizados en el exterior y que no pagan bienes personales, la titularidad se concentra en 400 personas. Se est\u00e1 decidiendo en este contexto de una construcci\u00f3n fiscal importante seguir sosteniendo este tipo de beneficios, por eso hablamos de privilegios<\/em>\u00ab.<\/p>\n\n\n\n<p>El total de los gastos tributarios sumados a otros beneficios impositivos equivalen al 25,6% de la recaudaci\u00f3n de impuestos y representan un 4.7% del PIB, es decir, el equivalente al presupuesto del Poder Judicial, del Poder Legislativo y de 15 Ministerios de Salud. <\/p>\n\n\n\n<p>En este sentido <strong>Izcurdia <\/strong>sostuvo: \u00ab<em>Obvio que no se pueden revisar todos, hay algunos gastos tributarios que se aplican sobre el iva y que implican la devoluci\u00f3n del iva en productos de primera necesidad, pero hay muchos, al menos la mitad que podr\u00edan revisarse<\/em>\u00ab.<\/p>\n\n\n\n<figure class=\"wp-block-audio\"><audio controls src=\"https:\/\/fmlatribu.com\/noticias\/wp-content\/uploads\/2023\/11\/acij2.mp3\"><\/audio><\/figure>\n\n\n\n<p>Existen tambi\u00e9n reg\u00edmenes fiscales especiales como el de la miner\u00eda o el de la econom\u00eda del conocimiento, que se regulan por otras leyes que no son las de los impuestos.<\/p>\n\n\n\n<p>\u00ab<em>Quienes venimos trabajando hace tiempo tratando de que sean m\u00e1s transparentes y mejor controlados los gastos tributarios vemos que por ejemplo el regimen minero requiere una revisi\u00f3n m\u00e1s seria para justificar por qu\u00e9 seguir sosteni\u00e9ndolo<\/em>\u00ab.<\/p>\n\n\n\n<figure class=\"wp-block-audio\"><audio controls src=\"https:\/\/fmlatribu.com\/noticias\/wp-content\/uploads\/2023\/11\/acij3.mp3\"><\/audio><\/figure>\n\n\n\n<p>\u00ab<em>Hay una especie de doble vara en t\u00e9rminos de qu\u00e9 se visibiliza y cu\u00e1nto le cuesta al Estado sostener gastos directos y sobre estos pasan por debajo en el debate. Incluso esta doble vara se aplica tambi\u00e9n en t\u00e9rminos de acceso a la informaci\u00f3n. Desde ACIJ desde hace varios a\u00f1os estamos intentando acceder a esta informaci\u00f3n y nos encontramos discutiendo con AFIP la aplicaci\u00f3n del secreto fiscal, porque hace una aplicaci\u00f3n restrictiva y diferente de la que se le aplica a los gastos directos. El a\u00f1o pasado la Ministra de Desarrollo Social solicit\u00f3 acceder a datos de beneficiarios del Potenciar Trabajo y el secreto fiscal se levant\u00f3 inmediatamente. Pero con los beneficiarios de este tipo de privilegios todav\u00eda no es posible conseguir ese est\u00e1ndar. No se puede acceder a los datos de nombres y monto del beneficio, a pesar de que tiene el mismo inter\u00e9s p\u00fablico que los datos de la AUH o del Potenciar Trabajo<\/em>\u00ab, finaliz\u00f3 <strong>Izcurdia<\/strong>.<\/p>\n\n\n\n<p>La separata de impuestos se discutir\u00eda a posterior del balotaje junto con la totalidad del presupuesto para el a\u00f1o que viene.<\/p>\n\n\n\n<p><\/p>\n\n\n\n<p>Producci\u00f3n: Eso que falta<br>Foto: Laura Lescano \/ T\u00e9lam<br><\/p>\n\n\n\n<p><em>*Para descargar los audios hacer clic con el bot\u00f3n derecho sobre el reproductor de audio.<\/em><\/p>\n\n\n\n<p><br><\/p>\n\n\n\n<p><\/p>\n","protected":false},"excerpt":{"rendered":"<p>El 25 de octubre se reuni\u00f3 la Comisi\u00f3n de Presupuesto y Hacienda de la C\u00e1mara de Diputados para discutir la \u201cseparata de gastostributarios\u201d. Es el segundo a\u00f1o consecutivo en el que el Ministerio de Econom\u00eda env\u00eda al Congreso de la Naci\u00f3n \u2013junto con el proyecto de ley de presupuesto para el a\u00f1o pr\u00f3ximo\u2013 una\u00a0separata\u00a0sugiriendo revisar [&hellip;]<\/p>\n","protected":false},"author":4,"featured_media":55409,"comment_status":"closed","ping_status":"closed","sticky":false,"template":"","format":"standard","meta":{"footnotes":""},"categories":[438],"tags":[377,778,777,779,776],"class_list":["post-55404","post","type-post","status-publish","format-standard","has-post-thumbnail","hentry","category-politica","tag-acij","tag-exenciones","tag-impuestos","tag-julieta-izcurdia","tag-separata-de-gastos-tributarios"],"_links":{"self":[{"href":"https:\/\/fmlatribu.com\/noticias\/wp-json\/wp\/v2\/posts\/55404","targetHints":{"allow":["GET"]}}],"collection":[{"href":"https:\/\/fmlatribu.com\/noticias\/wp-json\/wp\/v2\/posts"}],"about":[{"href":"https:\/\/fmlatribu.com\/noticias\/wp-json\/wp\/v2\/types\/post"}],"author":[{"embeddable":true,"href":"https:\/\/fmlatribu.com\/noticias\/wp-json\/wp\/v2\/users\/4"}],"replies":[{"embeddable":true,"href":"https:\/\/fmlatribu.com\/noticias\/wp-json\/wp\/v2\/comments?post=55404"}],"version-history":[{"count":2,"href":"https:\/\/fmlatribu.com\/noticias\/wp-json\/wp\/v2\/posts\/55404\/revisions"}],"predecessor-version":[{"id":55412,"href":"https:\/\/fmlatribu.com\/noticias\/wp-json\/wp\/v2\/posts\/55404\/revisions\/55412"}],"wp:featuredmedia":[{"embeddable":true,"href":"https:\/\/fmlatribu.com\/noticias\/wp-json\/wp\/v2\/media\/55409"}],"wp:attachment":[{"href":"https:\/\/fmlatribu.com\/noticias\/wp-json\/wp\/v2\/media?parent=55404"}],"wp:term":[{"taxonomy":"category","embeddable":true,"href":"https:\/\/fmlatribu.com\/noticias\/wp-json\/wp\/v2\/categories?post=55404"},{"taxonomy":"post_tag","embeddable":true,"href":"https:\/\/fmlatribu.com\/noticias\/wp-json\/wp\/v2\/tags?post=55404"}],"curies":[{"name":"wp","href":"https:\/\/api.w.org\/{rel}","templated":true}]}}