{"id":55415,"date":"2023-11-08T15:45:05","date_gmt":"2023-11-08T15:45:05","guid":{"rendered":"https:\/\/fmlatribu.com\/noticias\/?p=55415"},"modified":"2023-11-08T16:43:24","modified_gmt":"2023-11-08T16:43:24","slug":"susy-shock-sobre-el-malon-del-orgullo","status":"publish","type":"post","link":"https:\/\/fmlatribu.com\/noticias\/susy-shock-sobre-el-malon-del-orgullo\/","title":{"rendered":"El Mal\u00f3n del Orgullo"},"content":{"rendered":"\n<p>Los colectivos Las Hist\u00f3ricas Argentinas, Futuro Trans, Tercer Mal\u00f3n de la Paz, Mu La Vaca y Brotecitos Radio convocaron al Mal\u00f3n del Orgullo bajo la consigna \u201cA Descolonializarnos: Contra todos los genocidios\u201d. El encuentro se dio el s\u00e1bado en el marco de la Marcha del Orgullo y cont\u00f3 con la presencia de Susy Shock, Marlene Wayar, Banda de les mostres, Brotecitos, Aldana Bello, Comunidad Ballroom, Maryta de Humahuaca, Andrea Baz\u00e1n, Caro Bonillo, Nayla Beltr\u00e1n y otres artistas.<\/p>\n\n\n\n<p>\u201cCreemos en la construcci\u00f3n del amor junto a otros cuerpos, no en la soledad. Observamos con preocupaci\u00f3n que los pueblos originarios, guardianes de otras formas de relaci\u00f3n con la tierra y los seres vivos, est\u00e1n siendo avasallados por el poder econ\u00f3mico y desatendidos por las instituciones democr\u00e1ticas\u201d, expresaron en el texto de convocatoria. Aunque todos confluir\u00e1n en la gran movilizaci\u00f3n, distintas organizaciones y grupos de entidades har\u00e1n sus propias convocatorias.<\/p>\n\n\n\n<p>La artista y activista <strong>Susy Shock <\/strong>plante\u00f3 la necesidad de reconocer las preguntas que traen lxs hermanxs del Mal\u00f3n. \u00ab<em>En un contexto de la derecha amenazante en las urnas, y la presencia de la derecha con sus camiones, implica una retirada de nosotras<\/em>\u00ab.<\/p>\n\n\n\n<figure class=\"wp-block-audio\"><audio controls src=\"https:\/\/fmlatribu.com\/noticias\/wp-content\/uploads\/2023\/11\/susyshock1.mp3\"><\/audio><\/figure>\n\n\n\n<p>\u00ab<em>Creo que empezaron a pasar cosas complejas en serio. Que seamos un colectivo que por lo menos no pone en discusi\u00f3n por qu\u00e9 tiene que haber en la marcha camiones de partidos de derecha a quienes no les interesamos y han votado en contra de leyes nuestras y ni siquiera han tenido un mea culpa<\/em>\u00ab, finaliz\u00f3 <strong>Susy Shock<\/strong>.<\/p>\n\n\n\n<figure class=\"wp-block-audio\"><audio controls src=\"https:\/\/fmlatribu.com\/noticias\/wp-content\/uploads\/2023\/11\/susyshock2.mp3\"><\/audio><\/figure>\n\n\n\n<p>Por su parte, <strong>Marlene Wayar<\/strong>, <strong>psic\u00f3loga social<\/strong> y <strong>activista<\/strong>, sostuvo: \u00ab<em>Para muchos cuerpos la marcha se transform\u00f3 en una incomodidad. Incomodidad de no saber detr\u00e1s de qui\u00e9nes estamos, qu\u00e9 es lo que se propone, cu\u00e1les son las discusiones pol\u00edticas que se dan adentro, si son discusiones violentas o no. Hace mucho que pensamos que eso lo produce el pensamiento heterosexual: el querer ser masivos por el hecho de ser masivos y ser verticalistas. Esto deber\u00eda ser distribuido por toda la ciudad para no quedarle c\u00f3moda a la ciudad<\/em>. <em>Que sepan que podemos ocupar toda la ciudad<\/em>\u00ab.<\/p>\n\n\n\n<figure class=\"wp-block-audio\"><audio controls src=\"https:\/\/fmlatribu.com\/noticias\/wp-content\/uploads\/2023\/11\/wayar1.mp3\"><\/audio><\/figure>\n\n\n\n<p>\u00ab<em>Esta es una manifestaci\u00f3n pol\u00edtica que tiene que recuperar nuestra memoria permanentemente y saber de d\u00f3nde venimos<\/em>\u00ab, fundament\u00f3 <strong>Wayar<\/strong>.<\/p>\n\n\n\n<figure class=\"wp-block-audio\"><audio controls src=\"https:\/\/fmlatribu.com\/noticias\/wp-content\/uploads\/2023\/11\/wayar1-1.mp3\"><\/audio><\/figure>\n\n\n\n<p>\u00ab<em>Leyendo el contexto actual nos pareci\u00f3 que lo mejor era hacer una articulaci\u00f3n con el pueblo juje\u00f1o, con los pueblos ancestrales que est\u00e1n ac\u00e1 en esta ciudad pidiendo que todos miremos a Jujuy<\/em>\u00ab, sentenci\u00f3 <strong>Wayar<\/strong>.<\/p>\n\n\n\n<figure class=\"wp-block-audio\"><audio controls src=\"https:\/\/fmlatribu.com\/noticias\/wp-content\/uploads\/2023\/11\/wayar2.mp3\"><\/audio><\/figure>\n\n\n\n<p>Producci\u00f3n: Charco de arena y Pasadas por alto<br>Foto: Sol Tunni para <a href=\"https:\/\/lavaca.org\/notas\/historico-malon-del-orgullo-a-descolonizar\/\" data-type=\"link\" data-id=\"https:\/\/lavaca.org\/notas\/historico-malon-del-orgullo-a-descolonizar\/\">La Vaca <\/a><\/p>\n\n\n\n<p><em>*Para descargar los audios hacer clic con el bot\u00f3n derecho sobre el reproductor de audio.<\/em><\/p>\n","protected":false},"excerpt":{"rendered":"<p>Los colectivos Las Hist\u00f3ricas Argentinas, Futuro Trans, Tercer Mal\u00f3n de la Paz, Mu La Vaca y Brotecitos Radio convocaron al Mal\u00f3n del Orgullo bajo la consigna \u201cA Descolonializarnos: Contra todos los genocidios\u201d. El encuentro se dio el s\u00e1bado en el marco de la Marcha del Orgullo y cont\u00f3 con la presencia de Susy Shock, Marlene [&hellip;]<\/p>\n","protected":false},"author":4,"featured_media":55416,"comment_status":"closed","ping_status":"closed","sticky":false,"template":"","format":"standard","meta":{"footnotes":""},"categories":[445,440],"tags":[781,782,780],"class_list":["post-55415","post","type-post","status-publish","format-standard","has-post-thumbnail","hentry","category-culturales","category-transfeminismos","tag-malon-del-orgullo","tag-marcha-del-orgullo","tag-susy-shock"],"_links":{"self":[{"href":"https:\/\/fmlatribu.com\/noticias\/wp-json\/wp\/v2\/posts\/55415","targetHints":{"allow":["GET"]}}],"collection":[{"href":"https:\/\/fmlatribu.com\/noticias\/wp-json\/wp\/v2\/posts"}],"about":[{"href":"https:\/\/fmlatribu.com\/noticias\/wp-json\/wp\/v2\/types\/post"}],"author":[{"embeddable":true,"href":"https:\/\/fmlatribu.com\/noticias\/wp-json\/wp\/v2\/users\/4"}],"replies":[{"embeddable":true,"href":"https:\/\/fmlatribu.com\/noticias\/wp-json\/wp\/v2\/comments?post=55415"}],"version-history":[{"count":4,"href":"https:\/\/fmlatribu.com\/noticias\/wp-json\/wp\/v2\/posts\/55415\/revisions"}],"predecessor-version":[{"id":55426,"href":"https:\/\/fmlatribu.com\/noticias\/wp-json\/wp\/v2\/posts\/55415\/revisions\/55426"}],"wp:featuredmedia":[{"embeddable":true,"href":"https:\/\/fmlatribu.com\/noticias\/wp-json\/wp\/v2\/media\/55416"}],"wp:attachment":[{"href":"https:\/\/fmlatribu.com\/noticias\/wp-json\/wp\/v2\/media?parent=55415"}],"wp:term":[{"taxonomy":"category","embeddable":true,"href":"https:\/\/fmlatribu.com\/noticias\/wp-json\/wp\/v2\/categories?post=55415"},{"taxonomy":"post_tag","embeddable":true,"href":"https:\/\/fmlatribu.com\/noticias\/wp-json\/wp\/v2\/tags?post=55415"}],"curies":[{"name":"wp","href":"https:\/\/api.w.org\/{rel}","templated":true}]}}