{"id":55427,"date":"2023-11-08T19:35:25","date_gmt":"2023-11-08T19:35:25","guid":{"rendered":"https:\/\/fmlatribu.com\/noticias\/?p=55427"},"modified":"2023-11-18T23:38:22","modified_gmt":"2023-11-18T23:38:22","slug":"yo-no-considero-que-el-estado-de-israel-represente-el-judaismo","status":"publish","type":"post","link":"https:\/\/fmlatribu.com\/noticias\/yo-no-considero-que-el-estado-de-israel-represente-el-judaismo\/","title":{"rendered":"\u00abYo no considero que el Estado de Israel represente el juda\u00edsmo\u00bb"},"content":{"rendered":"\n<p>La semana pasada tuvo lugar en la Ciudad de Buenos Aires una concentraci\u00f3n frente al Congreso de la Naci\u00f3n. All\u00ed el Servicio de Paz y Justicia (SERPAJ), encabezado por el Premio Nobel de la Paz, Adolfo P\u00e9rez Esquivel, convocaron a repudiar la masacre contra el pueblo palestino por parte del Estado de Israel.<\/p>\n\n\n\n<p><strong>Lautaro Brodsky,<\/strong> autor del libro \u00abDictadura y antisemitismo: an\u00e1lisis sobre la judeofobia durante el terrorismo de Estado (1976-1983)\u00bb reflexion\u00f3 sobre la ocupaci\u00f3n de Israel en Palestina y afirm\u00f3 que, \u00abvolvemos a decir &#8216;no en nuestro nombre&#8217;. Nos tienen recontra cansados con que nuestro nombre justifique el genocidio contra el pueblo palestino. Ya dijimos que no validamos los m\u00e9todos del Hamas, pero que no hay una equivalencia de fuerzas. Ya dijimos muchas veces que esto no es juda\u00edsmo y que el juda\u00edsmo tiene todo un legado revolucionario y humanista, no un legado teocr\u00e1tico\u00bb. Adem\u00e1s, <strong>Brodsky<\/strong> tambi\u00e9n denunci\u00f3 que \u00ablos jud\u00edos disidentes estamos comenzando a sufrir acosos, nos llaman traidores, basuras, falsos jud\u00edos. Hasta nos siguen cuentas sionistas\u00bb.<\/p>\n\n\n\n<figure class=\"wp-block-audio\"><audio controls src=\"https:\/\/fmlatribu.com\/noticias\/wp-content\/uploads\/2023\/11\/BRDOSKY_01.mp3\"><\/audio><\/figure>\n\n\n\n<p>Estas persecuciones, adem\u00e1s van de la mano de represi\u00f3n en los diferentes pa\u00edses del mundo en el que la comunidad jud\u00eda (y no jud\u00eda) se manifiesta en las calles para exigir que se detenga el genocidio contra Palestina. Con relaci\u00f3n a esto, <strong>Lautaro Brodsky<\/strong> advirti\u00f3 que \u00ablos que est\u00e1n reprimiendo a la colectividad jud\u00eda, al fin de cuentas es la polic\u00eda sionista. En Israel reprimieron a los ortodoxos antisionistas y en Estados Unidos, que debe ser la primera vez que veo en mi vida, cuando la comunidad jud\u00eda se levanta por Palestina iba a la polic\u00eda reprimiendo jud\u00edos. Eso s\u00ed es antisemitismo y no solo en Estados Unidos, en Alemania, en Francia\u00bb.<\/p>\n\n\n\n<figure class=\"wp-block-audio\"><audio controls src=\"https:\/\/fmlatribu.com\/noticias\/wp-content\/uploads\/2023\/11\/BRODSKY_02.mp3\"><\/audio><\/figure>\n\n\n\n<p>Por otra parte, <strong>Brodsky<\/strong>, se\u00f1al\u00f3 que es necesario considerar que \u00abel antisemitismo est\u00e1 aliado con el Estado de Israel, porque los verdaderos antisemitas que son los que vienen del Estado y sus partidos, que son los conservadores y clericales, tienen nombre y apellido y se llaman Donald Trump, Viktor Orb\u00e1n, Marine Le Pen, o partidos neofranquistas como Vox, o Alternativa para Alemania o, en Argentina La Libertad Avanza, Jair Bolsonaro, esos son los antisemitas. Hay toda una derecha nacionalista y antisemita que ama Israel por su militarismo pero es antisemita con los jud\u00edos de la di\u00e1spora. Lo fundamental es que denunciar el genocidio contra el pueblo palestino eso no es ser antisemita, es denunciar una violaci\u00f3n a los derechos humanos b\u00e1sica. Yo no considero que el Estado de Israel represente el juda\u00edsmo. Creo que somos carne de ca\u00f1\u00f3n del imperialismo para una supuesta cruzada en medio oriente\u00bb.<\/p>\n\n\n\n<figure class=\"wp-block-audio\"><audio controls src=\"https:\/\/fmlatribu.com\/noticias\/wp-content\/uploads\/2023\/11\/BRODSKY_03.mp3\"><\/audio><\/figure>\n\n\n\n<p><strong>Lautaro Brodsky<\/strong> tambi\u00e9n se\u00f1al\u00f3 que el conflicto comenz\u00f3 mucho antes que el ataque de Hamas el 7 de octubre pasado. \u00abYa desde los primeros colonos sionistas antes de la Segunda Guerra Mundial. Hubo fuertes tensiones y cruces hasta 1948 en que el imperialismo se puso del lado del sionismo y empezaron el desplazamiento de la poblaci\u00f3n palestina conocida como la Nakba, donde los echaron a punta de escopeta, los masacraron. Tal es el punto que hoy viven en Franja de Gaza y lo que es Cisjordania.<\/p>\n\n\n\n<figure class=\"wp-block-audio\"><audio controls src=\"https:\/\/fmlatribu.com\/noticias\/wp-content\/uploads\/2023\/11\/BRDOSKY_04.mp3\"><\/audio><\/figure>\n\n\n\n<p>Por \u00faltimo, <strong>Brodsky<\/strong> destac\u00f3 que \u00abtenemos que repudiar todo ataque a la comunidad jud\u00eda en Argentina y en cualquier parte del mundo de la di\u00e1spora. Yo tambi\u00e9n tengo familiares que viven en Israel, tambi\u00e9n llor\u00e9 y me duele por lo que est\u00e1n pasando, pero entiendo que esto no es producto del atentado del 7 de octubre. Esto empieza porque a un pueblo cuando lo llevan a situaciones extremas, sus respuestas son extremas. El sionismo foment\u00f3 esa situaci\u00f3n\u00bb.<\/p>\n\n\n\n<figure class=\"wp-block-audio\"><audio controls src=\"https:\/\/fmlatribu.com\/noticias\/wp-content\/uploads\/2023\/11\/BRDOSKY_05.mp3\"><\/audio><\/figure>\n\n\n\n<p><\/p>\n\n\n\n<p><strong>Producci\u00f3n: Charco de Arena<\/strong><\/p>\n\n\n\n<p><strong>Foto: Movilizaci\u00f3n por Palestina en Buenos Aires. Ximena Astudillo<\/strong> <strong>Delgado<\/strong><\/p>\n\n\n\n<p><em>*Para descargar los audios hacer clic con el bot\u00f3n derecho sobre el reproductor de audio.<\/em><\/p>\n","protected":false},"excerpt":{"rendered":"<p>La semana pasada tuvo lugar en la Ciudad de Buenos Aires una concentraci\u00f3n frente al Congreso de la Naci\u00f3n. All\u00ed el Servicio de Paz y Justicia (SERPAJ), encabezado por el Premio Nobel de la Paz, Adolfo P\u00e9rez Esquivel, convocaron a repudiar la masacre contra el pueblo palestino por parte del Estado de Israel. Lautaro Brodsky, [&hellip;]<\/p>\n","protected":false},"author":4,"featured_media":55433,"comment_status":"closed","ping_status":"closed","sticky":false,"template":"","format":"standard","meta":{"footnotes":""},"categories":[444],"tags":[276,784,785,747],"class_list":["post-55427","post","type-post","status-publish","format-standard","has-post-thumbnail","hentry","category-internacionales","tag-derechos-humanos","tag-genocidio-palestino","tag-judies-por-palestina","tag-palestina"],"_links":{"self":[{"href":"https:\/\/fmlatribu.com\/noticias\/wp-json\/wp\/v2\/posts\/55427","targetHints":{"allow":["GET"]}}],"collection":[{"href":"https:\/\/fmlatribu.com\/noticias\/wp-json\/wp\/v2\/posts"}],"about":[{"href":"https:\/\/fmlatribu.com\/noticias\/wp-json\/wp\/v2\/types\/post"}],"author":[{"embeddable":true,"href":"https:\/\/fmlatribu.com\/noticias\/wp-json\/wp\/v2\/users\/4"}],"replies":[{"embeddable":true,"href":"https:\/\/fmlatribu.com\/noticias\/wp-json\/wp\/v2\/comments?post=55427"}],"version-history":[{"count":4,"href":"https:\/\/fmlatribu.com\/noticias\/wp-json\/wp\/v2\/posts\/55427\/revisions"}],"predecessor-version":[{"id":55450,"href":"https:\/\/fmlatribu.com\/noticias\/wp-json\/wp\/v2\/posts\/55427\/revisions\/55450"}],"wp:featuredmedia":[{"embeddable":true,"href":"https:\/\/fmlatribu.com\/noticias\/wp-json\/wp\/v2\/media\/55433"}],"wp:attachment":[{"href":"https:\/\/fmlatribu.com\/noticias\/wp-json\/wp\/v2\/media?parent=55427"}],"wp:term":[{"taxonomy":"category","embeddable":true,"href":"https:\/\/fmlatribu.com\/noticias\/wp-json\/wp\/v2\/categories?post=55427"},{"taxonomy":"post_tag","embeddable":true,"href":"https:\/\/fmlatribu.com\/noticias\/wp-json\/wp\/v2\/tags?post=55427"}],"curies":[{"name":"wp","href":"https:\/\/api.w.org\/{rel}","templated":true}]}}