{"id":55584,"date":"2023-11-24T20:21:10","date_gmt":"2023-11-24T20:21:10","guid":{"rendered":"https:\/\/fmlatribu.com\/noticias\/?p=55584"},"modified":"2023-11-29T19:27:55","modified_gmt":"2023-11-29T19:27:55","slug":"rita-segato-estoy-convencida-de-que-la-gente-no-sabe-lo-que-voto","status":"publish","type":"post","link":"https:\/\/fmlatribu.com\/noticias\/rita-segato-estoy-convencida-de-que-la-gente-no-sabe-lo-que-voto\/","title":{"rendered":"Rita Segato: \u00a0\u00abEstoy convencida de que la gente no sabe lo que vot\u00f3\u00bb"},"content":{"rendered":"\n<p>A partir de la definici\u00f3n de las elecciones generales del domingo pasado se confirma que Argentina tendr\u00e1 su experiencia de un gobierno de ultraderecha.<\/p>\n\n\n\n<p><strong>Rita Segato<\/strong>, escritora y antrop\u00f3loga, sostuvo que \u00ab<em>la gente vot\u00f3 por un No a la cultura pol\u00edtica argentina, m\u00e1s que por Milei. Argentina ya no es un pa\u00eds de memoria. No fue posible explicarle a la gente con la tranquilidad necesaria qu\u00e9 es lo que propone Milei. No hubo paciencia pedag\u00f3gica. No creo en la profesionalizaci\u00f3n de la militancia, la militancia no es una percha de empleos. La militancia es la gente que habla con los otros de forma vincular. En la casta tambi\u00e9n est\u00e1 la clase media y los ilustrados, la gente tambi\u00e9n vot\u00f3 en contra de nosotros\u00bb.<strong><br><\/strong><\/em><\/p>\n\n\n\n<figure class=\"wp-block-audio\"><audio controls src=\"https:\/\/fmlatribu.com\/noticias\/wp-content\/uploads\/2023\/11\/segato1.mp3\"><\/audio><\/figure>\n\n\n\n<p><em><strong><br>&nbsp;<\/strong><\/em>\u00ab<em>La sociedad debe cambiar para poder producir un Estado que est\u00e9 vinculado con la sociedad. Nuestro Estado no est\u00e1 vinculado ni siquiera por su historia con la sociedad. Es al rev\u00e9s: no es que tom\u00e1s el Estado y reinvent\u00e1s la historia hacia un horizonte m\u00e1s benigno. El aparato estatal es apropiable todo el tiempo entonces se va distanciando de la vida de la gente<\/em>.<em> Fall\u00f3 la comunicaci\u00f3n intergeneracional la memoria quedo \u00abencastillada\u00bb en un grupo de personas\u00bb.<\/em><\/p>\n\n\n\n<figure class=\"wp-block-audio\"><audio controls src=\"https:\/\/fmlatribu.com\/noticias\/wp-content\/uploads\/2023\/11\/segato2.mp3\"><\/audio><\/figure>\n\n\n\n<p>\u00ab<em>Es un voto bronca, cansancio y hartazgo. La gente no siente que tiene un protagonismo en la historia. Es un voto de resentimiento, no porque sepan exactamente lo que dicen Milei y su vicepresidenta, no lo saben<\/em>\u00ab.<\/p>\n\n\n\n<p><strong>Segato <\/strong>analiz\u00f3 otro de los motivos del triunfo de la derecha y analiz\u00f3 la campa\u00f1a de Massa: \u00ab<em>falt\u00f3 de todo. Se crey\u00f3 que por tener raz\u00f3n y por tener un argumento verdadero era suficiente para comunicarte con la poblaci\u00f3n, pero esto no es m\u00e1s as\u00ed<\/em>\u00ab.<\/p>\n\n\n\n<p>Por \u00faltimo reflexion\u00f3, \u00ab<em>las mujeres somos un blanco f\u00e1cil para cohesionar los fascismos. Apuntar a la mujer como un enemigo com\u00fan es muy f\u00e1cil. Yo estoy convencida de que si cae el patriarcado, se muestra una experiencia de poder de los m\u00e1s d\u00e9biles y una posibilidad de transformar el mundo<\/em>\u00ab.<\/p>\n\n\n\n<figure class=\"wp-block-audio\"><audio controls src=\"https:\/\/fmlatribu.com\/noticias\/wp-content\/uploads\/2023\/11\/segato3.mp3\"><\/audio><\/figure>\n\n\n\n<p><\/p>\n\n\n\n<p>Producci\u00f3n: Bancame hasta ma\u00f1ana<\/p>\n\n\n\n<p><em>*Para descargar los audios hacer clic con el bot\u00f3n derecho sobre el reproductor de audio.<\/em><\/p>\n","protected":false},"excerpt":{"rendered":"<p>A partir de la definici\u00f3n de las elecciones generales del domingo pasado se confirma que Argentina tendr\u00e1 su experiencia de un gobierno de ultraderecha. Rita Segato, escritora y antrop\u00f3loga, sostuvo que \u00abla gente vot\u00f3 por un No a la cultura pol\u00edtica argentina, m\u00e1s que por Milei. Argentina ya no es un pa\u00eds de memoria. No [&hellip;]<\/p>\n","protected":false},"author":4,"featured_media":55585,"comment_status":"closed","ping_status":"closed","sticky":false,"template":"","format":"standard","meta":{"footnotes":""},"categories":[440],"tags":[518,824,615,823],"class_list":["post-55584","post","type-post","status-publish","format-standard","has-post-thumbnail","hentry","category-transfeminismos","tag-elecciones","tag-estado","tag-milei","tag-rita-segato"],"_links":{"self":[{"href":"https:\/\/fmlatribu.com\/noticias\/wp-json\/wp\/v2\/posts\/55584","targetHints":{"allow":["GET"]}}],"collection":[{"href":"https:\/\/fmlatribu.com\/noticias\/wp-json\/wp\/v2\/posts"}],"about":[{"href":"https:\/\/fmlatribu.com\/noticias\/wp-json\/wp\/v2\/types\/post"}],"author":[{"embeddable":true,"href":"https:\/\/fmlatribu.com\/noticias\/wp-json\/wp\/v2\/users\/4"}],"replies":[{"embeddable":true,"href":"https:\/\/fmlatribu.com\/noticias\/wp-json\/wp\/v2\/comments?post=55584"}],"version-history":[{"count":3,"href":"https:\/\/fmlatribu.com\/noticias\/wp-json\/wp\/v2\/posts\/55584\/revisions"}],"predecessor-version":[{"id":55591,"href":"https:\/\/fmlatribu.com\/noticias\/wp-json\/wp\/v2\/posts\/55584\/revisions\/55591"}],"wp:featuredmedia":[{"embeddable":true,"href":"https:\/\/fmlatribu.com\/noticias\/wp-json\/wp\/v2\/media\/55585"}],"wp:attachment":[{"href":"https:\/\/fmlatribu.com\/noticias\/wp-json\/wp\/v2\/media?parent=55584"}],"wp:term":[{"taxonomy":"category","embeddable":true,"href":"https:\/\/fmlatribu.com\/noticias\/wp-json\/wp\/v2\/categories?post=55584"},{"taxonomy":"post_tag","embeddable":true,"href":"https:\/\/fmlatribu.com\/noticias\/wp-json\/wp\/v2\/tags?post=55584"}],"curies":[{"name":"wp","href":"https:\/\/api.w.org\/{rel}","templated":true}]}}