{"id":55755,"date":"2023-12-06T14:45:41","date_gmt":"2023-12-06T14:45:41","guid":{"rendered":"https:\/\/fmlatribu.com\/noticias\/?p=55755"},"modified":"2023-12-06T14:45:43","modified_gmt":"2023-12-06T14:45:43","slug":"cop28-un-balance-global-sobre-la-crisis-climatica","status":"publish","type":"post","link":"https:\/\/fmlatribu.com\/noticias\/cop28-un-balance-global-sobre-la-crisis-climatica\/","title":{"rendered":"COP28. Un balance global sobre la Crisis Clim\u00e1tica"},"content":{"rendered":"\n<p>Comenz\u00f3 la Conferencia de las Partes (COP-28) en los Emiratos \u00c1rabes, en la ciudad de Dubai. La COP es el \u00f3rgano supremo de toma de decisiones de la Convenci\u00f3n Marco de Naciones Unidas sobre el Cambio Clim\u00e1tico. Todos los Estados que integran la Convenci\u00f3n est\u00e1n representados en la COP y se re\u00fanen anualmente.<\/p>\n\n\n\n<p><strong>Camila Mercure, Licenciada en Ciencias Ambientales e integrante del \u00e1rea de pol\u00edtica clim\u00e1tica de la Fundaci\u00f3n Ambiente y Recursos Naturales (FARN)<\/strong> desde Dubai se refiri\u00f3 a los aspectos centrales de este encuentro y destac\u00f3 que, \u00abeste a\u00f1o es muy importante porque se va a presentar el primer balance global para ver en qu\u00e9 medida el Acuerdo de Par\u00eds, que fue un acuerdo firmado por 200 partes, se est\u00e1 cumpliendo o no. A partir del grado de avance de ese acuerdo ver c\u00f3mo seguimos\u00bb. La especialista adem\u00e1s record\u00f3 que, \u00abel Acuerdo de Par\u00eds se firm\u00f3 en el 2015 por todas las partes que han firmado la Convenci\u00f3n Marco sobre Cambio Clim\u00e1tico y tiene como objetivo no sobrepasar los 1,5\u00b0 cent\u00edgrados a nivel mundial\u00bb.<\/p>\n\n\n\n<figure class=\"wp-block-audio\"><audio controls src=\"https:\/\/fmlatribu.com\/noticias\/wp-content\/uploads\/2023\/12\/COP28_01.mp3\"><\/audio><\/figure>\n\n\n\n<p>En el marco de la COP las negociaciones en curso se dan entre \u00abdos grandes bloques; Norte Global y Sur Global, en las distintas tem\u00e1ticas de negociaci\u00f3n\u00bb. Un aspecto central es el financiamiento, \u00ablos pa\u00edses del Sur Global est\u00e1n pidiendo financiamiento por las responsabilidades hist\u00f3ricas que han tenido los pa\u00edses del Norte Global en lo que contribuye a los efectos del Cambio Clim\u00e1tico\u00bb, explic\u00f3 <strong>Mercure<\/strong> y a\u00f1adi\u00f3 que\u00bbel financiamiento para los pa\u00edses del Sur Global es fundamental teniendo en cuenta tambi\u00e9n la crisis social y econ\u00f3mica en la que estamos inmersos. Las decisiones tomadas en esta COP son a nivel global y entonces cada pa\u00eds, de acuerdo a sus necesidades, prioridades y condiciones locales, desde ya, va a tener que hacer una bajada de l\u00ednea\u00bb. La representante de FARN en la COP se\u00f1al\u00f3 que, en este sentido, habr\u00e1 que esperar los lineamientos del nuevo gobierno argentino para ver qu\u00e9 sucede efectivamente con las resoluciones alcanzadas en la COP.<\/p>\n\n\n\n<figure class=\"wp-block-audio\"><audio controls src=\"https:\/\/fmlatribu.com\/noticias\/wp-content\/uploads\/2023\/12\/COP28_02.mp3\"><\/audio><\/figure>\n\n\n\n<p>Por \u00faltimo, <strong>Camila Mercure<\/strong> explic\u00f3 que \u00abArgentina negocia mucho en el bloque de Argentina, Brasil y Uruguay (ABU), porque tienen posiciones similares. En cuanto a financiamiento lo que se pide es que haya un mayor financiamiento no solo para temas de mitigaci\u00f3n, tambi\u00e9n para adaptaci\u00f3n teniendo en cuenta que cada vez m\u00e1s las inundaciones, las olas de calor, las sequ\u00edas son cada vez m\u00e1s extremas y con efectos devastadores. Tambi\u00e9n por Transici\u00f3n Justa, es necesario que haya una transformaci\u00f3n del sistema y en esto un sector muy importante es el energ\u00e9tico. Desde la sociedad civil estamos apoyando mucho la transici\u00f3n energ\u00e9tica, sin dejar de lado las necesidades y prioridades de los distintos sectores y particularmente de las comunidades locales\u00bb.<\/p>\n\n\n\n<figure class=\"wp-block-audio\"><audio controls src=\"https:\/\/fmlatribu.com\/noticias\/wp-content\/uploads\/2023\/12\/COP28_03.mp3\"><\/audio><\/figure>\n\n\n\n<p><\/p>\n\n\n\n<p><strong>Producci\u00f3n: Eso que falta<\/strong><br><strong>Foto: COP28<\/strong><br><em>*Para descargar los audios hacer clic con el bot\u00f3n derecho sobre el reproductor de audio.<\/em><\/p>\n","protected":false},"excerpt":{"rendered":"<p>Comenz\u00f3 la Conferencia de las Partes (COP-28) en los Emiratos \u00c1rabes, en la ciudad de Dubai. La COP es el \u00f3rgano supremo de toma de decisiones de la Convenci\u00f3n Marco de Naciones Unidas sobre el Cambio Clim\u00e1tico. Todos los Estados que integran la Convenci\u00f3n est\u00e1n representados en la COP y se re\u00fanen anualmente. Camila Mercure, [&hellip;]<\/p>\n","protected":false},"author":4,"featured_media":55759,"comment_status":"closed","ping_status":"closed","sticky":false,"template":"","format":"standard","meta":{"footnotes":""},"categories":[443],"tags":[850,852,849,851],"class_list":["post-55755","post","type-post","status-publish","format-standard","has-post-thumbnail","hentry","category-ambientales","tag-calentamiento-global","tag-cop28","tag-crisis-climatica","tag-transicion-energetica"],"_links":{"self":[{"href":"https:\/\/fmlatribu.com\/noticias\/wp-json\/wp\/v2\/posts\/55755","targetHints":{"allow":["GET"]}}],"collection":[{"href":"https:\/\/fmlatribu.com\/noticias\/wp-json\/wp\/v2\/posts"}],"about":[{"href":"https:\/\/fmlatribu.com\/noticias\/wp-json\/wp\/v2\/types\/post"}],"author":[{"embeddable":true,"href":"https:\/\/fmlatribu.com\/noticias\/wp-json\/wp\/v2\/users\/4"}],"replies":[{"embeddable":true,"href":"https:\/\/fmlatribu.com\/noticias\/wp-json\/wp\/v2\/comments?post=55755"}],"version-history":[{"count":1,"href":"https:\/\/fmlatribu.com\/noticias\/wp-json\/wp\/v2\/posts\/55755\/revisions"}],"predecessor-version":[{"id":55760,"href":"https:\/\/fmlatribu.com\/noticias\/wp-json\/wp\/v2\/posts\/55755\/revisions\/55760"}],"wp:featuredmedia":[{"embeddable":true,"href":"https:\/\/fmlatribu.com\/noticias\/wp-json\/wp\/v2\/media\/55759"}],"wp:attachment":[{"href":"https:\/\/fmlatribu.com\/noticias\/wp-json\/wp\/v2\/media?parent=55755"}],"wp:term":[{"taxonomy":"category","embeddable":true,"href":"https:\/\/fmlatribu.com\/noticias\/wp-json\/wp\/v2\/categories?post=55755"},{"taxonomy":"post_tag","embeddable":true,"href":"https:\/\/fmlatribu.com\/noticias\/wp-json\/wp\/v2\/tags?post=55755"}],"curies":[{"name":"wp","href":"https:\/\/api.w.org\/{rel}","templated":true}]}}