{"id":55803,"date":"2023-12-14T17:41:22","date_gmt":"2023-12-14T17:41:22","guid":{"rendered":"https:\/\/fmlatribu.com\/noticias\/?p=55803"},"modified":"2024-01-24T02:46:31","modified_gmt":"2024-01-24T02:46:31","slug":"el-ajuste-avanza-la-enorme-transferencia-de-recursos-de-sectores-populares-hacia-sectores-economicos-concentrados","status":"publish","type":"post","link":"https:\/\/fmlatribu.com\/noticias\/el-ajuste-avanza-la-enorme-transferencia-de-recursos-de-sectores-populares-hacia-sectores-economicos-concentrados\/","title":{"rendered":"El ajuste avanza. \u00abLa enorme transferencia de recursos de sectores populares hacia sectores econ\u00f3micos concentrados\u00bb"},"content":{"rendered":"\n<p>Luego de muchas dilaciones el ministro de Econom\u00eda, Luis Caputo, al finalizar la tarde del martes dio a conocer las medidas del plan de shock anunciado por el gobierno. En un video &#8211; para no admitir preguntas de la prensa -, se comunic\u00f3 un listado de diez puntos mediante los cuales para reducir el d\u00e9ficit fiscal y bajar la inflaci\u00f3n. La economista feminista <strong>Corina Rodr\u00edguez Enr\u00edquez<\/strong> reflexion\u00f3 sobre el paquete de medidas y las condiciones de posibilidad que dieron lugar a estas medidas y este gobierno. \u00abLa posibilidad de tener el gobierno que tenemos hoy, un ministro de econom\u00eda que es un timbero profesional y las medidas que anunci\u00f3 tienen mucho que ver con lo que pas\u00f3 antes. Venimos de gestiones anteriores que no resolvieron cuestiones macro estructurales, que retrasaron la resoluci\u00f3n de varias cuestiones clave: la cuesti\u00f3n cambiar\u00eda y las tarifas de los servicios p\u00fablicos\u00bb, afirm\u00f3 la economista.<\/p>\n\n\n\n<figure class=\"wp-block-audio\"><audio controls src=\"https:\/\/fmlatribu.com\/noticias\/wp-content\/uploads\/2023\/12\/CORINA_01.mp3\"><\/audio><\/figure>\n\n\n\n<p>En t\u00e9rminos generales, <strong>Corina Rodr\u00edguez Enriquez <\/strong>afirm\u00f3 que lo que se anunci\u00f3 es \u00abuna fuert\u00edsima devaluaci\u00f3n del tipo de cambio oficial sin dar detalles. \u00bfVa a haber una flotaci\u00f3n m\u00e1s alta producto de este tipo de cambio m\u00e1s alto? No lo sabemos. El segundo elemento clave es el ajuste, la reducci\u00f3n del gasto p\u00fablico. Esto viene por un par de v\u00edas, por un lado, la directa reducci\u00f3n de partidas de obra p\u00fablica, subsidios y transporte, y la reducci\u00f3n de partidas muy menores en lo presupuestario pero efectistas en la narrativa del gobierno como el cambio de estructura con reducci\u00f3n de ministerios y secretar\u00edas\u00bb.<\/p>\n\n\n\n<figure class=\"wp-block-audio\"><audio controls src=\"https:\/\/fmlatribu.com\/noticias\/wp-content\/uploads\/2023\/12\/CORINA_02.mp3\"><\/audio><\/figure>\n\n\n\n<p>Un aspecto central que destaca la economista es que \u00abla otra forma en la que se prev\u00e9 reducir el gasto p\u00fablico es a trav\u00e9s de la licuaci\u00f3n del gasto por efecto de la inflaci\u00f3n. Eso va a funcionar usando la pr\u00f3rroga del presupuesto 2023 porque el presupuesto 2024 y eso fue una decisi\u00f3n pol\u00edtica del gobierno en su momento. Adem\u00e1s, dejar partidas congeladas como el Plan Potenciar Trabajo con una inflaci\u00f3n que no sabemos de cu\u00e1nto va a ser. Todas las partidas presupuestarias se van a licuar\u00bb. Por otra parte, <strong>Rodr\u00edguez Enr\u00edquez<\/strong> se\u00f1al\u00f3 que \u00ablo llamativo del anuncio en t\u00e9rminos de lo contrario a la narrativa libertaria es el aumento de impuestos. Se anunci\u00f3 el incremento de retenciones a exportaciones no agropecuarias y aqu\u00ed aparece un sesgo anti industrialista y el aumento del impuesto PAIS sobre las transacciones cambiarias. Despu\u00e9s del anuncio se anunciaron un par de cosas m\u00e1s muy relevantes, una es la muy posible interrupci\u00f3n de la Ley de Movilidad Jubilatoria y decidir el aumento de las jubilaciones por decreto. Este es el punto clave si lo que se quiere hacer es una reducci\u00f3n del gasto fiscal, porque las jubilaciones representan el 60% del gasto p\u00fablico\u00bb.<\/p>\n\n\n\n<figure class=\"wp-block-audio\"><audio controls src=\"https:\/\/fmlatribu.com\/noticias\/wp-content\/uploads\/2023\/12\/CORINA_03.mp3\"><\/audio><\/figure>\n\n\n\n<p>Otro punto llamativo fue el anuncio de reimponer el Impuesto a las Ganancias, modificaci\u00f3n impulsada por el ex ministro Sergio Massa y votada por el propio presidente cuando fue diputado. En t\u00e9rminos estructurales este ajuste \u00abva a significar una enorme transferencia de recursos, que ya hemos vivido en otros tiempos hist\u00f3ricos de la Argentina, de los sectores populares hacia los sectores econ\u00f3micos concentrados\u00bb, advirti\u00f3 la economista.<\/p>\n\n\n\n<figure class=\"wp-block-audio\"><audio controls src=\"https:\/\/fmlatribu.com\/noticias\/wp-content\/uploads\/2023\/12\/CORINA_04.mp3\"><\/audio><\/figure>\n\n\n\n<p>Por \u00faltimo, <strong>Corina Rodr\u00edguez Enriquez<\/strong> sa\u00f1al\u00f3 que, <\/p>\n\n\n\n<blockquote class=\"wp-block-quote is-layout-flow wp-block-quote-is-layout-flow\">\n<p>A lo que m\u00e1s apuestan para reducir la inflaci\u00f3n, y eso lo dijo claramente Diana Mondino, es a la recesi\u00f3n y a la p\u00e9rdida de poder adquisitivo de la demanda y a que la gente deje de comprar.<\/p>\n<cite>Corina Rodr\u00edguez Enr\u00edquez<\/cite><\/blockquote>\n\n\n\n<figure class=\"wp-block-audio\"><audio controls src=\"https:\/\/fmlatribu.com\/noticias\/wp-content\/uploads\/2023\/12\/CORINA_05.mp3\"><\/audio><\/figure>\n\n\n\n<p><\/p>\n\n\n\n<p><strong>Producci\u00f3n: Eso que falta<\/strong><\/p>\n\n\n\n<p><strong>Foto: captura de pantalla<\/strong><\/p>\n\n\n\n<p><em>*Para descargar los audios hacer clic con el bot\u00f3n derecho sobre el reproductor de audio.<\/em><\/p>\n","protected":false},"excerpt":{"rendered":"<p>Luego de muchas dilaciones el ministro de Econom\u00eda, Luis Caputo, al finalizar la tarde del martes dio a conocer las medidas del plan de shock anunciado por el gobierno. En un video &#8211; para no admitir preguntas de la prensa -, se comunic\u00f3 un listado de diez puntos mediante los cuales para reducir el d\u00e9ficit [&hellip;]<\/p>\n","protected":false},"author":4,"featured_media":55809,"comment_status":"closed","ping_status":"closed","sticky":false,"template":"","format":"standard","meta":{"footnotes":""},"categories":[438],"tags":[859,862,860,861],"class_list":["post-55803","post","type-post","status-publish","format-standard","has-post-thumbnail","hentry","category-politica","tag-ajuste","tag-devaluacion","tag-economia-2","tag-jubilaciones"],"_links":{"self":[{"href":"https:\/\/fmlatribu.com\/noticias\/wp-json\/wp\/v2\/posts\/55803","targetHints":{"allow":["GET"]}}],"collection":[{"href":"https:\/\/fmlatribu.com\/noticias\/wp-json\/wp\/v2\/posts"}],"about":[{"href":"https:\/\/fmlatribu.com\/noticias\/wp-json\/wp\/v2\/types\/post"}],"author":[{"embeddable":true,"href":"https:\/\/fmlatribu.com\/noticias\/wp-json\/wp\/v2\/users\/4"}],"replies":[{"embeddable":true,"href":"https:\/\/fmlatribu.com\/noticias\/wp-json\/wp\/v2\/comments?post=55803"}],"version-history":[{"count":1,"href":"https:\/\/fmlatribu.com\/noticias\/wp-json\/wp\/v2\/posts\/55803\/revisions"}],"predecessor-version":[{"id":55810,"href":"https:\/\/fmlatribu.com\/noticias\/wp-json\/wp\/v2\/posts\/55803\/revisions\/55810"}],"wp:featuredmedia":[{"embeddable":true,"href":"https:\/\/fmlatribu.com\/noticias\/wp-json\/wp\/v2\/media\/55809"}],"wp:attachment":[{"href":"https:\/\/fmlatribu.com\/noticias\/wp-json\/wp\/v2\/media?parent=55803"}],"wp:term":[{"taxonomy":"category","embeddable":true,"href":"https:\/\/fmlatribu.com\/noticias\/wp-json\/wp\/v2\/categories?post=55803"},{"taxonomy":"post_tag","embeddable":true,"href":"https:\/\/fmlatribu.com\/noticias\/wp-json\/wp\/v2\/tags?post=55803"}],"curies":[{"name":"wp","href":"https:\/\/api.w.org\/{rel}","templated":true}]}}