{"id":55861,"date":"2024-01-23T20:50:08","date_gmt":"2024-01-23T20:50:08","guid":{"rendered":"https:\/\/fmlatribu.com\/noticias\/?p=55861"},"modified":"2024-02-08T17:29:26","modified_gmt":"2024-02-08T17:29:26","slug":"el-rumbo-del-mega-dnu-y-la-ley-omnibus","status":"publish","type":"post","link":"https:\/\/fmlatribu.com\/noticias\/el-rumbo-del-mega-dnu-y-la-ley-omnibus\/","title":{"rendered":"El rumbo del mega DNU y la ley \u00f3mnibus"},"content":{"rendered":"\n<p>Esta tarde tendr\u00e1 lugar el plenario de comisiones convocado por el oficialismo para darle tratamiento a la ley \u00f3mnibus en la C\u00e1mara de Diputados. Minutos antes de las 18, horario previsto para la reuni\u00f3n de comisiones, el gobierno continua la negociaci\u00f3n con los bloques dialoguistas para llegar a un acuerdo en diferentes art\u00edculos cuestionados. A \u00faltimo momento se modific\u00f3 el horario a para darse cita a las 20. El objetivo del oficialismo es obtener un dictamen de mayor\u00eda para dar inicio al debate el pr\u00f3ximo jueves en el recinto.  <\/p>\n\n\n\n<p>Por otra parte, el juez Enrique Lavi\u00e9 Pico rechaz\u00f3 dos amparos presentados contra el DNU y record\u00f3 est\u00e1 el decreto cuenta con los plazos estipulados por el poder legislativo para que se tramite su rechazo o aval. Desde ayer las dos c\u00e1maras ya est\u00e1n habilitadas para tratar el DNU sin pasar por la comisi\u00f3n de tr\u00e1mite legislativo.<\/p>\n\n\n\n<p>Mientras tanto, la CGT junto a las dos CTA, partidos pol\u00edticos y diferentes organizaciones sociales, se prepara para llevar a cabo el paro nacional con movilizaci\u00f3n frente al Congreso que tendr\u00e1 lugar ma\u00f1ana mi\u00e9rcoles 24 de enero desde el mediod\u00eda y que, a pesar de las amenazas del gobierno con el protocolo antipiquete, se espera que una multitud se haga presente para manifestar su rechazo a las medidas del gobierno de Javier Milei.<\/p>\n\n\n\n<p><strong>Carlos Rozansky, ex juez y presidente del Tribunal Oral en lo Criminal Federal N\u00ba1 de La Plata, <\/strong>se refiri\u00f3 al DNU y la ley \u00f3mnibus y afirm\u00f3 que \u201ceste plan criminal que se traducen en el DNU y en la Ley \u00d3mnibus presupone una cantidad de cosas que son; primero que no funcione bien el sistema de controles, de hecho han logrado que se sienten todos a discutir aspectos y tenes un desfile de gente explicando las maldades del proyecto cuando en realidad lo criminal es el proyecto en s\u00ed mismo. Dejo planteado que hay jueces en la Argentina, incluidos algunos juicios de la Corte Suprema, que tienen l\u00edmites, que no cruzan ciertas l\u00edneas y no descarten que esta sea una de las l\u00edneas que ellos no pueden cruzar\u201d. \u2028<\/p>\n\n\n\n<figure class=\"wp-block-audio\"><audio controls src=\"https:\/\/fmlatribu.com\/noticias\/wp-content\/uploads\/2024\/01\/ROZANSKI_01.mp3\"><\/audio><\/figure>\n\n\n\n<p>Entre las modificaciones al proyecto original de la ley \u00f3mnibus, el gobierno afirm\u00f3 que se mantiene la f\u00f3rmula jubilatoria hasta marzo y desde abril las jubilaciones comenzar\u00edan a actualizarse seg\u00fan el IPC del mes anterior. En este aspecto, la <strong>legisladora de Uni\u00f3n por la Patria, Graciana Pe\u00f1afort,<\/strong> afirm\u00f3 que \u201clos jubilados como la mayor\u00eda de los sectores asalariados de este pa\u00eds con Milei solo pueden perder, incluso suponiendo la buena voluntad de los legisladores que podr\u00edan votar esto, no hay manera ni hip\u00f3tesis posible en la cual salga ganando alg\u00fan sector asalariado. No es un proyecto pensado para beneficiar a ning\u00fan trabajador y a ning\u00fan jubilado. Tengo una mirada profundamente cr\u00edtica y estoy claramente enrolada con la l\u00ednea de Uni\u00f3n por la Patria en no aprobar ni la Ley \u00d3mnibus ni el decreto. \u2028<\/p>\n\n\n\n<figure class=\"wp-block-audio\"><audio controls src=\"https:\/\/fmlatribu.com\/noticias\/wp-content\/uploads\/2024\/01\/PENAFORT_02.mp3\"><\/audio><\/figure>\n\n\n\n<p>En cuanto al proyecto general,<strong> Pe\u00f1afort<\/strong> sostuvo que \u201cLa ley tiene un modelo que es profundamente extractivista y eso va siempre en detrimento de las econom\u00edas regionales, de los recursos naturales. Ni hablar de la delegaci\u00f3n de facultades que a mi me parece lo m\u00e1s espantoso. Pienso en las delegaciones que tuvo Duhalde con la crisis del 2001 y el pa\u00eds incendiado, no llegaban ni por casualidad a la amplitud de las que pretend\u00eda Milei por dos a\u00f1os prorrogables por dos m\u00e1s. Es decir, podr\u00eda hacer todo un mandato sin pasar jam\u00e1s por el Congreso y si no pasas por el Congreso no ten\u00e9s ning\u00fan tipo de control democr\u00e1tico. Algunas cosas absurdas que tiene la Ley \u00d3mnibus que las ponen para negociar, como que los jueces tengan toga y peluca\u201d.<\/p>\n\n\n\n<figure class=\"wp-block-audio\"><audio controls src=\"https:\/\/fmlatribu.com\/noticias\/wp-content\/uploads\/2024\/01\/PENAFORT_03.mp3\"><\/audio><\/figure>\n\n\n\n<p>Por \u00faltimo <strong>Graciana Pe\u00f1afort, <\/strong>enfatiz\u00f3 que \u201chay un tema que no es menor. Los actos administrativos, en los cuales el DNU es poco claro, exige tener motivo y causa. Este DNU sin motivo y causa es nulo, pero no porque lo digo yo, lo dice la ley de procedimientos administrativos en le art\u00edculo 14. Vos no podes hacer un DNU, m\u00e1s all\u00e1 de quien lo haya escrito, vos tenes que fundamentar. Los actos administrativos no son independientes de los antecedentes que le sirven de fundamentaci\u00f3n. Los actos p\u00fablicos adem\u00e1s tienen que ser motivados. \u00bfCu\u00e1les son los antecedentes que motivan? El DNU es un mamarracho. Desde el bloque de Uni\u00f3n por C\u00f3rdoba y Uni\u00f3n por la Patria hemos pedido la inconstitucionalidad porque adem\u00e1s de estar mal dictado y que no tiene reales motivos de necesidad y urgencia, invade competencias espec\u00edficas de la Ciudad donde no tiene competencia el Poder Ejecutivo, porque la Ciudad como las provincias tienen todas las facultades que no delegaron a la Naci\u00f3n\u201d. <\/p>\n\n\n\n<figure class=\"wp-block-audio\"><audio controls src=\"https:\/\/fmlatribu.com\/noticias\/wp-content\/uploads\/2024\/01\/PENAFORT_04.mp3\"><\/audio><\/figure>\n\n\n\n<p><strong>Producci\u00f3n: O sea, digamos<br>Foto: Eliana Obreg\u00f3n \/ Telam<\/strong><\/p>\n","protected":false},"excerpt":{"rendered":"<p>Esta tarde tendr\u00e1 lugar el plenario de comisiones convocado por el oficialismo para darle tratamiento a la ley \u00f3mnibus en la C\u00e1mara de Diputados. Minutos antes de las 18, horario previsto para la reuni\u00f3n de comisiones, el gobierno continua la negociaci\u00f3n con los bloques dialoguistas para llegar a un acuerdo en diferentes art\u00edculos cuestionados. A [&hellip;]<\/p>\n","protected":false},"author":4,"featured_media":55866,"comment_status":"closed","ping_status":"closed","sticky":false,"template":"","format":"standard","meta":{"footnotes":""},"categories":[438],"tags":[879,876,878,875,877],"class_list":["post-55861","post","type-post","status-publish","format-standard","has-post-thumbnail","hentry","category-politica","tag-carlos-rozansky","tag-dnu","tag-graciana-penafort","tag-ley-omnibus","tag-plenario-de-comisiones-diputados"],"_links":{"self":[{"href":"https:\/\/fmlatribu.com\/noticias\/wp-json\/wp\/v2\/posts\/55861","targetHints":{"allow":["GET"]}}],"collection":[{"href":"https:\/\/fmlatribu.com\/noticias\/wp-json\/wp\/v2\/posts"}],"about":[{"href":"https:\/\/fmlatribu.com\/noticias\/wp-json\/wp\/v2\/types\/post"}],"author":[{"embeddable":true,"href":"https:\/\/fmlatribu.com\/noticias\/wp-json\/wp\/v2\/users\/4"}],"replies":[{"embeddable":true,"href":"https:\/\/fmlatribu.com\/noticias\/wp-json\/wp\/v2\/comments?post=55861"}],"version-history":[{"count":1,"href":"https:\/\/fmlatribu.com\/noticias\/wp-json\/wp\/v2\/posts\/55861\/revisions"}],"predecessor-version":[{"id":55867,"href":"https:\/\/fmlatribu.com\/noticias\/wp-json\/wp\/v2\/posts\/55861\/revisions\/55867"}],"wp:featuredmedia":[{"embeddable":true,"href":"https:\/\/fmlatribu.com\/noticias\/wp-json\/wp\/v2\/media\/55866"}],"wp:attachment":[{"href":"https:\/\/fmlatribu.com\/noticias\/wp-json\/wp\/v2\/media?parent=55861"}],"wp:term":[{"taxonomy":"category","embeddable":true,"href":"https:\/\/fmlatribu.com\/noticias\/wp-json\/wp\/v2\/categories?post=55861"},{"taxonomy":"post_tag","embeddable":true,"href":"https:\/\/fmlatribu.com\/noticias\/wp-json\/wp\/v2\/tags?post=55861"}],"curies":[{"name":"wp","href":"https:\/\/api.w.org\/{rel}","templated":true}]}}