{"id":55871,"date":"2024-01-26T01:40:08","date_gmt":"2024-01-26T01:40:08","guid":{"rendered":"https:\/\/fmlatribu.com\/noticias\/?p=55871"},"modified":"2024-02-23T03:01:31","modified_gmt":"2024-02-23T03:01:31","slug":"el-primer-paro-general-durante-el-gobierno-de-milei","status":"publish","type":"post","link":"https:\/\/fmlatribu.com\/noticias\/el-primer-paro-general-durante-el-gobierno-de-milei\/","title":{"rendered":"El primer Paro General durante el gobierno de Milei"},"content":{"rendered":"\n<p>Cientos de miles de personas se movilizaron este 24 de enero en todo el pa\u00eds a partir de la convocatoria de Paro General de la CGT en rechazo al Decreto de Necesidad y Urgencia y la Ley \u00d3mnibus promovidos por el ejecutivo. Desde el mediod\u00eda y hasta las 00hs del jueves, grandes multitudes se convocaron en distintos puntos del pa\u00eds en contra de la gesti\u00f3n del actual presidente. <\/p>\n\n\n\n<p>Desde la ma\u00f1ana, en las cercan\u00edas del Congreso se despleg\u00f3 un fuerte operativo policial, con el objetivo de \u00abhacer cumplir el protocolo de seguridad\u00bb. La convocatoria fue transversal y abarc\u00f3 desde el sector de la salud, cultura, y medios de comunicaci\u00f3n, hasta organizaciones sociales, educaci\u00f3n y transporte.<\/p>\n\n\n\n<p><strong>Gabriel Arb\u00f3s<\/strong>, <strong>Secretario de Acci\u00f3n social de Directores Argentinos Cinematogr\u00e1ficos (DAC)<\/strong>, se refiri\u00f3 al ajuste previsto en el cine: \u00ab<em>con estas medidas no va poder filmar nadie<\/em>\u00ab.<\/p>\n\n\n\n<figure class=\"wp-block-audio\"><audio controls src=\"https:\/\/fmlatribu.com\/noticias\/wp-content\/uploads\/2024\/01\/03-Gabriel-Arbos-SEC-ACCION-SOCIA-DAC.mp3\"><\/audio><\/figure>\n\n\n\n<p>Por su parte, el <strong>Pollo Sobrero<\/strong>,&nbsp;<strong>Secretario General de Uni\u00f3n Ferroviaria<\/strong>, destac\u00f3 que la convocatoria \u00ab<em>no s\u00e9 cu\u00e1nta gente vino porque super\u00f3 todos los c\u00e1lculos. No vamos a permitir que se privatice el servicio ferroviario<\/em>\u00ab.<\/p>\n\n\n\n<figure class=\"wp-block-audio\"><audio controls src=\"https:\/\/fmlatribu.com\/noticias\/wp-content\/uploads\/2024\/01\/06-POLLO-SOBRERO.mp3\"><\/audio><\/figure>\n\n\n\n<p><strong>Ricardo Petraglia<\/strong>,&nbsp; Secretario General de <strong>ADUNA&nbsp;<\/strong>(Asociaci\u00f3n Docente de la Universidad Nacional de Avellaneda), sostuvo \u00ab<em>no solo nos afecta el desfinanciamiento de la educaci\u00f3n y del Conicet, sino que nos influye todo lo que est\u00e1 pasando a nivel ajuste, que viene por muchos lados distintos<\/em>\u00ab.<\/p>\n\n\n\n<figure class=\"wp-block-audio\"><audio controls src=\"https:\/\/fmlatribu.com\/noticias\/wp-content\/uploads\/2024\/01\/09-Ricardo-Petraglia-Sec-gral-undav-docentes-universitarios-undav.mp3\"><\/audio><\/figure>\n\n\n\n<p>Por \u00faltimo <strong>Franco \u201cPaco\u00bb Capone<\/strong>, <strong>Delegado Residente de Medicina General de Hospital Penna<\/strong> y militante de la <strong>Agrupaci\u00f3n Marr\u00f3n Salud,<\/strong> postul\u00f3, \u00ab<em>no podemos permitir que avasallen de esta manera nuestros derechos. Es un sinf\u00edn de ataques que revientan la salud p\u00fablica y al conjunto de la poblaci\u00f3n<\/em>\u00ab.<\/p>\n\n\n\n<figure class=\"wp-block-audio\"><audio controls src=\"https:\/\/fmlatribu.com\/noticias\/wp-content\/uploads\/2024\/01\/10-franco-capone-residente-del-htal-pena.mp3\"><\/audio><\/figure>\n\n\n\n<p><strong>Foto: Juan Quelinpani<\/strong><br><em>*Para descargar los audios hacer clic con el bot\u00f3n derecho sobre el reproductor de audio.<\/em><\/p>\n","protected":false},"excerpt":{"rendered":"<p>Cientos de miles de personas se movilizaron este 24 de enero en todo el pa\u00eds a partir de la convocatoria de Paro General de la CGT en rechazo al Decreto de Necesidad y Urgencia y la Ley \u00d3mnibus promovidos por el ejecutivo. Desde el mediod\u00eda y hasta las 00hs del jueves, grandes multitudes se convocaron [&hellip;]<\/p>\n","protected":false},"author":4,"featured_media":55874,"comment_status":"closed","ping_status":"closed","sticky":false,"template":"","format":"standard","meta":{"footnotes":""},"categories":[438],"tags":[880,615,881,882],"class_list":["post-55871","post","type-post","status-publish","format-standard","has-post-thumbnail","hentry","category-politica","tag-cgt","tag-milei","tag-paro-general","tag-pollo-sobrero"],"_links":{"self":[{"href":"https:\/\/fmlatribu.com\/noticias\/wp-json\/wp\/v2\/posts\/55871","targetHints":{"allow":["GET"]}}],"collection":[{"href":"https:\/\/fmlatribu.com\/noticias\/wp-json\/wp\/v2\/posts"}],"about":[{"href":"https:\/\/fmlatribu.com\/noticias\/wp-json\/wp\/v2\/types\/post"}],"author":[{"embeddable":true,"href":"https:\/\/fmlatribu.com\/noticias\/wp-json\/wp\/v2\/users\/4"}],"replies":[{"embeddable":true,"href":"https:\/\/fmlatribu.com\/noticias\/wp-json\/wp\/v2\/comments?post=55871"}],"version-history":[{"count":3,"href":"https:\/\/fmlatribu.com\/noticias\/wp-json\/wp\/v2\/posts\/55871\/revisions"}],"predecessor-version":[{"id":55880,"href":"https:\/\/fmlatribu.com\/noticias\/wp-json\/wp\/v2\/posts\/55871\/revisions\/55880"}],"wp:featuredmedia":[{"embeddable":true,"href":"https:\/\/fmlatribu.com\/noticias\/wp-json\/wp\/v2\/media\/55874"}],"wp:attachment":[{"href":"https:\/\/fmlatribu.com\/noticias\/wp-json\/wp\/v2\/media?parent=55871"}],"wp:term":[{"taxonomy":"category","embeddable":true,"href":"https:\/\/fmlatribu.com\/noticias\/wp-json\/wp\/v2\/categories?post=55871"},{"taxonomy":"post_tag","embeddable":true,"href":"https:\/\/fmlatribu.com\/noticias\/wp-json\/wp\/v2\/tags?post=55871"}],"curies":[{"name":"wp","href":"https:\/\/api.w.org\/{rel}","templated":true}]}}