{"id":55940,"date":"2024-02-06T20:27:24","date_gmt":"2024-02-06T20:27:24","guid":{"rendered":"https:\/\/fmlatribu.com\/noticias\/?p=55940"},"modified":"2024-02-23T03:01:24","modified_gmt":"2024-02-23T03:01:24","slug":"a-lewis-no-se-le-queman-las-tierras","status":"publish","type":"post","link":"https:\/\/fmlatribu.com\/noticias\/a-lewis-no-se-le-queman-las-tierras\/","title":{"rendered":"\u00abA Lewis no se le queman las tierras\u00bb"},"content":{"rendered":"\n<p>Los incendios en el Parque Nacional Los Alerces ya consumieron casi 6000 hect\u00e1reas a lo largo de 12 d\u00edas. En esta situaci\u00f3n, el gobierno provincial de Chubut culpabiliz\u00f3 a las comunidades originarias de haber sido lxs causantes del inicio del fuego. <\/p>\n\n\n\n<p>\u00ab<em>No es algo nuevo que se est\u00e9n quemando los bosques nativos y que al mapuche lo quieran culpar por eso. Es f\u00e1cil decir fueron los mapuches y que cualquier loco venga y nos ataque. As\u00ed se empieza a armar el terreno\u00bb<\/em>, sentenci\u00f3 <strong>Marilyn<\/strong>, vocera de la comunidad mapuche Ca\u00f1io, qui\u00e9n rechaz\u00f3 los testimonios del gobierno y denunci\u00f3 negociados de larga data en torno a la posesi\u00f3n de tierras. <\/p>\n\n\n\n<figure class=\"wp-block-audio\"><audio controls src=\"https:\/\/fmlatribu.com\/noticias\/wp-content\/uploads\/2024\/02\/alerces1.mp3\"><\/audio><\/figure>\n\n\n\n<blockquote class=\"wp-block-quote is-layout-flow wp-block-quote-is-layout-flow\">\n<p>Continuamente estamos defendiendo los territorios, por qu\u00e9 \u00edbamos a querer ir a incendiarlos. Jam\u00e1s atentar\u00edamos sobre nuestra propia vida. Vivimos en un Estado racista y discriminatorio, nos convierten en terroristas todo el tiempo por tener un rostro mapuche\u00bb.<\/p>\n<\/blockquote>\n\n\n\n<figure class=\"wp-block-audio\"><audio controls src=\"https:\/\/fmlatribu.com\/noticias\/wp-content\/uploads\/2024\/02\/alerces2.mp3\"><\/audio><\/figure>\n\n\n\n<p>En el Parque Nacional Los Alerces los focos de incendio comenzaron la noche del 25 de enero Los Alerces los focos arrancaron en la noche cerca del arroyo Centinela, territorio Mapuche Tehuelche. Luego el incendio se extendi\u00f3 a otros terrenos en jurisdicci\u00f3n de la provincia. \u00ab<em>Al pobre, al inf\u00edgena a ese s\u00ed se le queman las tierras. Los empresarios no son tontos. En 2010 quer\u00edan hacer 20 pistas de esqu\u00ed. quer\u00edan talar todo el cerro y ah\u00ed tuvimos que poner el cuerpo<\/em>\u00ab, record\u00f3 <strong>Marilyn<\/strong>.<\/p>\n\n\n\n<figure class=\"wp-block-audio\"><audio controls src=\"https:\/\/fmlatribu.com\/noticias\/wp-content\/uploads\/2024\/02\/alerces3.mp3\"><\/audio><\/figure>\n\n\n\n<p>Producci\u00f3n: Algo con erre<br>Foto: @<a href=\"https:\/\/www.instagram.com\/pn_los_alerces\/?hl=es\">pn_los_alerces<\/a><br><br><em>*Para descargar los audios hacer clic con el bot\u00f3n derecho sobre el reproductor de audio.<\/em><\/p>\n","protected":false},"excerpt":{"rendered":"<p>Los incendios en el Parque Nacional Los Alerces ya consumieron casi 6000 hect\u00e1reas a lo largo de 12 d\u00edas. En esta situaci\u00f3n, el gobierno provincial de Chubut culpabiliz\u00f3 a las comunidades originarias de haber sido lxs causantes del inicio del fuego. \u00abNo es algo nuevo que se est\u00e9n quemando los bosques nativos y que al [&hellip;]<\/p>\n","protected":false},"author":4,"featured_media":55945,"comment_status":"closed","ping_status":"closed","sticky":false,"template":"","format":"standard","meta":{"footnotes":""},"categories":[443],"tags":[892,639,463],"class_list":["post-55940","post","type-post","status-publish","format-standard","has-post-thumbnail","hentry","category-ambientales","tag-alerces","tag-incendios","tag-mapuches"],"_links":{"self":[{"href":"https:\/\/fmlatribu.com\/noticias\/wp-json\/wp\/v2\/posts\/55940","targetHints":{"allow":["GET"]}}],"collection":[{"href":"https:\/\/fmlatribu.com\/noticias\/wp-json\/wp\/v2\/posts"}],"about":[{"href":"https:\/\/fmlatribu.com\/noticias\/wp-json\/wp\/v2\/types\/post"}],"author":[{"embeddable":true,"href":"https:\/\/fmlatribu.com\/noticias\/wp-json\/wp\/v2\/users\/4"}],"replies":[{"embeddable":true,"href":"https:\/\/fmlatribu.com\/noticias\/wp-json\/wp\/v2\/comments?post=55940"}],"version-history":[{"count":4,"href":"https:\/\/fmlatribu.com\/noticias\/wp-json\/wp\/v2\/posts\/55940\/revisions"}],"predecessor-version":[{"id":55950,"href":"https:\/\/fmlatribu.com\/noticias\/wp-json\/wp\/v2\/posts\/55940\/revisions\/55950"}],"wp:featuredmedia":[{"embeddable":true,"href":"https:\/\/fmlatribu.com\/noticias\/wp-json\/wp\/v2\/media\/55945"}],"wp:attachment":[{"href":"https:\/\/fmlatribu.com\/noticias\/wp-json\/wp\/v2\/media?parent=55940"}],"wp:term":[{"taxonomy":"category","embeddable":true,"href":"https:\/\/fmlatribu.com\/noticias\/wp-json\/wp\/v2\/categories?post=55940"},{"taxonomy":"post_tag","embeddable":true,"href":"https:\/\/fmlatribu.com\/noticias\/wp-json\/wp\/v2\/tags?post=55940"}],"curies":[{"name":"wp","href":"https:\/\/api.w.org\/{rel}","templated":true}]}}