{"id":55968,"date":"2024-02-08T21:54:37","date_gmt":"2024-02-08T21:54:37","guid":{"rendered":"https:\/\/fmlatribu.com\/noticias\/?p=55968"},"modified":"2024-02-27T17:56:29","modified_gmt":"2024-02-27T17:56:29","slug":"el-gobierno-recibio-un-golpe-con-la-caida-de-la-ley-omnibus","status":"publish","type":"post","link":"https:\/\/fmlatribu.com\/noticias\/el-gobierno-recibio-un-golpe-con-la-caida-de-la-ley-omnibus\/","title":{"rendered":"\u00abEl gobierno recibi\u00f3 un golpe con la ca\u00edda de la ley \u00f3mnibus\u00bb"},"content":{"rendered":"\n<p>Luego de levantar la sesi\u00f3n y anunciar en el recinto que el proyecto de Ley \u00f3mnibus regresaba a debate en comisiones, por orden del Presidente de la Naci\u00f3n, el bloque de La Libertad Avanza anunci\u00f3 que se retiraba el proyecto y que no se volv\u00eda a discutir. El <strong>diputado del Frente de Izquierda de lxs Trabajadorxs (FIT) por la provincia de Buenos Aires, Christian Castillo<\/strong>, analiz\u00f3 las implicancias de esta decisi\u00f3n y afirm\u00f3 que \u00abel gobierno recibi\u00f3 un golpe con la ca\u00edda de la ley \u00f3mnibus y sobre eso se di\u00f3 una movilizaci\u00f3n muy importante en el paro de la CGT y luego durante todo el tratamiento de la ley donde quienes se movilizaron actuaron como voz de este descontento creciente. En ese marco se dan las disputas con los gobernadores por el impuesto PAIS, la coparticipaci\u00f3n, una disputa por qui\u00e9n se queda con los fondos fiscales y todo termina en la ca\u00edda de la ley. El gobierno esperaba que no se de a partir del voto en general pero ah\u00ed se ve\u00eda lo que dec\u00edan los diputados y diputadas de las bancadas que hab\u00edan votado a favor en general pero votaron en particular y esto ten\u00eda un aspecto previsible. Si uno toma en cuenta que el dictamen con el cual va el proyecto al recinto ten\u00eda 55 firmas pero 34 en disidencia, es algo in\u00e9dito, am\u00e9n que fue un dictamen que firmaron en blanco. Entonces, se sab\u00eda que iba a ser una cosa mucho m\u00e1s espinosa de lo que presentaba el gobierno y cierta prensa adicta que da un panorama m\u00e1s favorable del gobierno de lo que en realidad ocurre\u00bb.<\/p>\n\n\n\n<figure class=\"wp-block-audio\"><audio controls src=\"https:\/\/fmlatribu.com\/noticias\/wp-content\/uploads\/2024\/02\/CASTILLO_01.mp3\"><\/audio><\/figure>\n\n\n\n<p>La secuencia de la ca\u00edda del proyecto comenz\u00f3 con el voto negativo de las facultades delegadas al Ejecutivo \u00aby se termina cayendo porque ya se ve\u00edan los votos en contra de las privatizaciones\u00bb, afirm\u00f3 el diputado bonaerense en el FIT y a\u00f1adi\u00f3 que, \u00abhay que tener en cuenta que quien votaba eso despu\u00e9s se ten\u00eda que hacer cargo en sus provincias de las consecuencias de lo que iba a pasar con su voto. Si le daban facultades delegadas en seguridad despu\u00e9s te mete las FFAA a intervenir internamente. O las privatizaciones y despu\u00e9s despiden a los laburantes o la empresa termina quebrada, y te ten\u00e9s que hacer cargo. Por qu\u00e9 se iban a inmolar por un gobierno que, adem\u00e1s, est\u00e1 perdiendo popularidad. Me parece que esa ecuaci\u00f3n un poco fue parte de los razonamientos que llevaron a la derrota del proyecto, independientemente de que en nuestro caso, el FIT y Uni\u00f3n por la Patria tambi\u00e9n, tuvimos una posici\u00f3n de oposici\u00f3n desde el principio\u00bb.<\/p>\n\n\n\n<blockquote class=\"wp-block-quote is-layout-flow wp-block-quote-is-layout-flow\">\n<p>Por qu\u00e9 se iban a inmolar por un gobierno que, adem\u00e1s, est\u00e1 perdiendo popularidad. Me parece que esa ecuaci\u00f3n un poco fue parte de los razonamientos que llevaron a la derrota del proyecto.<\/p>\n<cite>Christian Castillo. Diputado PBA, FIT<\/cite><\/blockquote>\n\n\n\n<figure class=\"wp-block-audio\"><audio controls src=\"https:\/\/fmlatribu.com\/noticias\/wp-content\/uploads\/2024\/02\/CASTILLO_02.mp3\"><\/audio><\/figure>\n\n\n\n<p>Despu\u00e9s de un mes de debates y negociaciones entre el gobierno y los bloques que buscaban dialogar con el oficialismo, <strong>Castillo<\/strong> afirm\u00f3 que lo que qued\u00f3 claro es que \u00abel bloque parlamentario de La Libertad Avanza juega un rol secundario. Los que negociaron no fueron los parlamentarios, fue un sector del gobierno. Creo que todav\u00eda se creen la del 56% y no caen en la realidad del verdadero peso que tienen que es ser una minor\u00eda dentro del Congreso y que los otros bloques son heterog\u00e9neos, salvo el caso del PRO que se mantuvo como un talib\u00e1n de la ley. El resto tiene muchas contradicciones internas con seguir a un gobierno de fan\u00e1ticos de ultraderecha como es el de Milei. Cualquiera que escuch\u00f3 el discurso en Davos se da cuenta lo que es este gobierno, y adem\u00e1s los insultos, los aprietes, que pueden resultar en un gobierno que est\u00e1 en crecimiento en su popularidad pero en un gobierno que est\u00e1 en baja, los aprietes se transforman un poco en lo contrario\u00bb.<\/p>\n\n\n\n<blockquote class=\"wp-block-quote is-layout-flow wp-block-quote-is-layout-flow\">\n<p>Creo que todav\u00eda se creen la del 56% y no caen en la realidad del verdadero peso que tienen que es ser una minor\u00eda dentro del Congreso<\/p>\n<cite>Christian Castillo. Diputado PBA, FIT.<\/cite><\/blockquote>\n\n\n\n<figure class=\"wp-block-audio\"><audio controls src=\"https:\/\/fmlatribu.com\/noticias\/wp-content\/uploads\/2024\/02\/CASTILLO_03.mp3\"><\/audio><\/figure>\n\n\n\n<p>Entre amenazas y venganza por parte del gobierno a diputados y especialmente a los gobernadores, comenz\u00f3 a trascender una alianza de co-gobierno con el PRO, frente a este escenario <strong>Christian Castillo<\/strong> afirm\u00f3 que, \u00abpuede ocurrir, no me parece descabellado y en parte, todo el apoyo del PRO a Milei puede ser preparativo a eso. Pichetto tambi\u00e9n se postulaba para una coalici\u00f3n parlamentaria de derecha y opinaban que a Milei lo pueden llevar a otro lado, pero Milei es Milei no se hasta d\u00f3nde se lo va a aceptar. Tiene que tener m\u00e1s crisis todav\u00eda para que ese escenario se de, pero lo cierto es que el crecimiento del descontento es claramente visible y me parece que se va a profundizar en febrero y marzo por las noticias econ\u00f3micas\u00bb.<\/p>\n\n\n\n<figure class=\"wp-block-audio\"><audio controls src=\"https:\/\/fmlatribu.com\/noticias\/wp-content\/uploads\/2024\/02\/CASTILLO_04.mp3\"><\/audio><\/figure>\n\n\n\n<p><\/p>\n\n\n\n<p><strong>Producci\u00f3n: Vamos viendo<\/strong><\/p>\n\n\n\n<p><strong>Foto: La izquierda diario<\/strong><\/p>\n\n\n\n<p><em>*Para descargar los audios hacer clic con el bot\u00f3n derecho sobre el reproductor de audio.<\/em><\/p>\n","protected":false},"excerpt":{"rendered":"<p>Luego de levantar la sesi\u00f3n y anunciar en el recinto que el proyecto de Ley \u00f3mnibus regresaba a debate en comisiones, por orden del Presidente de la Naci\u00f3n, el bloque de La Libertad Avanza anunci\u00f3 que se retiraba el proyecto y que no se volv\u00eda a discutir. El diputado del Frente de Izquierda de lxs [&hellip;]<\/p>\n","protected":false},"author":4,"featured_media":55973,"comment_status":"closed","ping_status":"closed","sticky":false,"template":"","format":"standard","meta":{"footnotes":""},"categories":[438],"tags":[907,905,906,875],"class_list":["post-55968","post","type-post","status-publish","format-standard","has-post-thumbnail","hentry","category-politica","tag-cristian-castillo","tag-diputados","tag-fit","tag-ley-omnibus"],"_links":{"self":[{"href":"https:\/\/fmlatribu.com\/noticias\/wp-json\/wp\/v2\/posts\/55968","targetHints":{"allow":["GET"]}}],"collection":[{"href":"https:\/\/fmlatribu.com\/noticias\/wp-json\/wp\/v2\/posts"}],"about":[{"href":"https:\/\/fmlatribu.com\/noticias\/wp-json\/wp\/v2\/types\/post"}],"author":[{"embeddable":true,"href":"https:\/\/fmlatribu.com\/noticias\/wp-json\/wp\/v2\/users\/4"}],"replies":[{"embeddable":true,"href":"https:\/\/fmlatribu.com\/noticias\/wp-json\/wp\/v2\/comments?post=55968"}],"version-history":[{"count":2,"href":"https:\/\/fmlatribu.com\/noticias\/wp-json\/wp\/v2\/posts\/55968\/revisions"}],"predecessor-version":[{"id":55976,"href":"https:\/\/fmlatribu.com\/noticias\/wp-json\/wp\/v2\/posts\/55968\/revisions\/55976"}],"wp:featuredmedia":[{"embeddable":true,"href":"https:\/\/fmlatribu.com\/noticias\/wp-json\/wp\/v2\/media\/55973"}],"wp:attachment":[{"href":"https:\/\/fmlatribu.com\/noticias\/wp-json\/wp\/v2\/media?parent=55968"}],"wp:term":[{"taxonomy":"category","embeddable":true,"href":"https:\/\/fmlatribu.com\/noticias\/wp-json\/wp\/v2\/categories?post=55968"},{"taxonomy":"post_tag","embeddable":true,"href":"https:\/\/fmlatribu.com\/noticias\/wp-json\/wp\/v2\/tags?post=55968"}],"curies":[{"name":"wp","href":"https:\/\/api.w.org\/{rel}","templated":true}]}}