{"id":56134,"date":"2024-03-15T05:02:54","date_gmt":"2024-03-15T05:02:54","guid":{"rendered":"https:\/\/fmlatribu.com\/noticias\/?p=56134"},"modified":"2024-03-15T05:27:15","modified_gmt":"2024-03-15T05:27:15","slug":"rosario-las-calles-son-de-la-militancia-no-de-la-policia-ni-de-quienes-producen-hechos-violentos","status":"publish","type":"post","link":"https:\/\/fmlatribu.com\/noticias\/rosario-las-calles-son-de-la-militancia-no-de-la-policia-ni-de-quienes-producen-hechos-violentos\/","title":{"rendered":"Rosario | \u00abLas calles son de la militancia, no de la Polic\u00eda ni de quienes producen hechos violentos\u00bb"},"content":{"rendered":"\n<p>Frente a los sucesivos hechos de violencia y crisis social ocurridos en la ciudad de Rosario, <strong>Mabel Gabarra<\/strong>, abogada feminista referente hist\u00f3rica del movimiento e integrante de la Campa\u00f1a Nacional por el Derecho al aborto en Rosario, comenta sobre la decisi\u00f3n de reprogramar la marcha por el #8M, en el contexto de las medidas de lxs colectiverxs y la inseguridad que se vive en las calles.<\/p>\n\n\n\n<figure class=\"wp-block-audio\"><audio controls src=\"https:\/\/fmlatribu.com\/noticias\/wp-content\/uploads\/2024\/03\/MABEL-1.mp3\"><\/audio><\/figure>\n\n\n\n<p>Sobre el contexto que est\u00e1 viviendo la ciudad santafesina producto del conflicto con el narcotr\u00e1fico, la referente del movimiento feminista comenta que<em> \u00abesto no es nada nuevo\u00bb<\/em>. En estos d\u00edas y a la luz de los hechos de violencnia ocurridos, el ministro de Justicia de la Naci\u00f3n, Mariano C\u00faneo Libarona, dispuso que el pr\u00f3ximo lunes 18 de marzo entre en vigencia el nuevo C\u00f3digo Procesal Penal Federal en todo el \u00e1mbito de la C\u00e1mara Penal Federal de Rosario. Lo comunic\u00f3 el mi\u00e9rcoles a \u00faltima hora, por la red social X. La repentina decisi\u00f3n sorprendi\u00f3 en los \u00e1mbitos de la Justicia federal de Rosario ya que la puesta en pr\u00e1ctica supone la consolidaci\u00f3n de un sistema penal acusatorio, con mayor relevancia en la investigaci\u00f3n penal de la fiscal\u00eda, a diferencia de la actualidad donde el poder de investigaci\u00f3n recae en los jueces de primera instancia y optativamente \u00e9stos pueden delegar la investigaci\u00f3n en las fiscal\u00edas. La decisi\u00f3n implica modificar todos los procedimientos penales,&nbsp;desde que entra una denuncia hasta que se define una condena. <\/p>\n\n\n\n<p>Sobre la pr\u00f3xima marcha del 24 de marzo, <strong>Gabarra<\/strong> afirma: <em>\u00abCreo que tiene que ser una marcha muy importante. El gobierno de Javier Milei pone en peligro las instituciones y la democracia, no podemos permitirlo. La democracia para \u00e9l no tiene ning\u00fan valor, su vicepresidenta en militarista\u00bb.<\/em><\/p>\n\n\n\n<figure class=\"wp-block-audio\"><audio controls src=\"https:\/\/fmlatribu.com\/noticias\/wp-content\/uploads\/2024\/03\/MABEL-2.mp3\"><\/audio><\/figure>\n\n\n\n<p>Por \u00faltimo, <strong>Gabarra<\/strong> afirma: <em>\u00abEn los feminismos estamos todas juntas, a pesar de las diferencias pol\u00edtico-partidarias. No queremos que Mileli atente contra la democracia y ese objetivo nos une a todas. Tenemos una lucha m\u00e1s por delante, seguir defendiendo la democracia\u00bb.<\/em><\/p>\n\n\n\n<figure class=\"wp-block-audio\"><audio controls src=\"https:\/\/fmlatribu.com\/noticias\/wp-content\/uploads\/2024\/03\/MABEL-3.mp3\"><\/audio><\/figure>\n\n\n\n<p><strong>Producci\u00f3n: Charco de Arena.<\/strong><\/p>\n\n\n\n<p><strong>Foto: Cedoc<\/strong><\/p>\n\n\n\n<p><em>*Para descargar los audios hacer clic con el bot\u00f3n derecho sobre el reproductor de audio<\/em>.<\/p>\n\n\n\n<p><\/p>\n","protected":false},"excerpt":{"rendered":"<p>Frente a los sucesivos hechos de violencia y crisis social ocurridos en la ciudad de Rosario, Mabel Gabarra, abogada feminista referente hist\u00f3rica del movimiento e integrante de la Campa\u00f1a Nacional por el Derecho al aborto en Rosario, comenta sobre la decisi\u00f3n de reprogramar la marcha por el #8M, en el contexto de las medidas de [&hellip;]<\/p>\n","protected":false},"author":3,"featured_media":56137,"comment_status":"closed","ping_status":"closed","sticky":false,"template":"","format":"standard","meta":{"footnotes":""},"categories":[438,440],"tags":[935,455,434,330,941],"class_list":["post-56134","post","type-post","status-publish","format-standard","has-post-thumbnail","hentry","category-politica","category-transfeminismos","tag-8m-2","tag-feminismos","tag-narcotrafico","tag-rosario","tag-violencia"],"_links":{"self":[{"href":"https:\/\/fmlatribu.com\/noticias\/wp-json\/wp\/v2\/posts\/56134","targetHints":{"allow":["GET"]}}],"collection":[{"href":"https:\/\/fmlatribu.com\/noticias\/wp-json\/wp\/v2\/posts"}],"about":[{"href":"https:\/\/fmlatribu.com\/noticias\/wp-json\/wp\/v2\/types\/post"}],"author":[{"embeddable":true,"href":"https:\/\/fmlatribu.com\/noticias\/wp-json\/wp\/v2\/users\/3"}],"replies":[{"embeddable":true,"href":"https:\/\/fmlatribu.com\/noticias\/wp-json\/wp\/v2\/comments?post=56134"}],"version-history":[{"count":6,"href":"https:\/\/fmlatribu.com\/noticias\/wp-json\/wp\/v2\/posts\/56134\/revisions"}],"predecessor-version":[{"id":56152,"href":"https:\/\/fmlatribu.com\/noticias\/wp-json\/wp\/v2\/posts\/56134\/revisions\/56152"}],"wp:featuredmedia":[{"embeddable":true,"href":"https:\/\/fmlatribu.com\/noticias\/wp-json\/wp\/v2\/media\/56137"}],"wp:attachment":[{"href":"https:\/\/fmlatribu.com\/noticias\/wp-json\/wp\/v2\/media?parent=56134"}],"wp:term":[{"taxonomy":"category","embeddable":true,"href":"https:\/\/fmlatribu.com\/noticias\/wp-json\/wp\/v2\/categories?post=56134"},{"taxonomy":"post_tag","embeddable":true,"href":"https:\/\/fmlatribu.com\/noticias\/wp-json\/wp\/v2\/tags?post=56134"}],"curies":[{"name":"wp","href":"https:\/\/api.w.org\/{rel}","templated":true}]}}