{"id":56160,"date":"2024-03-15T22:19:49","date_gmt":"2024-03-15T22:19:49","guid":{"rendered":"https:\/\/fmlatribu.com\/noticias\/?p=56160"},"modified":"2024-03-22T21:07:38","modified_gmt":"2024-03-22T21:07:38","slug":"el-gobierno-ataca-y-desfinancia-la-educacion-superior","status":"publish","type":"post","link":"https:\/\/fmlatribu.com\/noticias\/el-gobierno-ataca-y-desfinancia-la-educacion-superior\/","title":{"rendered":"El gobierno ataca y desfinancia la educaci\u00f3n superior"},"content":{"rendered":"\n<p>La semana pasada el Consejo interuniversitario Nacional public\u00f3 un comunicado en el que muestra la situaci\u00f3n cr\u00edtica de las universidades nacionales y advierten que \u00abde no mediar acciones que rectifiquen el rumbo, se ver\u00e1 seriamente afectado el pleno funcionamiento de las instituciones universitarias p\u00fablicas\u00bb.<\/p>\n\n\n\n<p><strong>Larisa Kejval<\/strong>, Doctora en Ciencias Sociales y Directora de la carrera de Ciencias de la Comunicaci\u00f3n de la Universidad de Buenos Aires, comenta sobre la situaci\u00f3n que est\u00e1 atravesando la Facultad de CIencias Sociales de la UBA, en l\u00ednea con lo que sucede en todo el \u00e1mbito educativo superior. Menciona \u201cla falta de presupuesto para el funcionamiento\u201d, cuesti\u00f3n que refiere a los recursos para \u201cpagar la luz, la limpieza, la seguridad, insumos de laboratorios, arreglar una ascensor o prender una caldera y que est\u00e1 en riesgo por el congelamiento del presupuesto universitario. Con esto est\u00e1 en riesgo el propio funcionamiento de las instituciones\u00bb.<\/p>\n\n\n\n<blockquote class=\"wp-block-quote is-layout-flow wp-block-quote-is-layout-flow\">\n<p>Estamos ante un conflicto que va in crescendo, y se va a expresar con m\u00e1s fuerza estas pr\u00f3ximas semanas que tenemos paro universitario. Estamos al inicio del ciclo lectivo entonces el conflicto est\u00e1 presente desde inicios de a\u00f1o pero se va a seguir expresando cada vez m\u00e1s.<\/p>\n<cite>Larisa Kejval<\/cite><\/blockquote>\n\n\n\n<figure class=\"wp-block-audio\"><audio controls src=\"https:\/\/fmlatribu.com\/noticias\/wp-content\/uploads\/2024\/03\/LARISA-1.mp3\"><\/audio><\/figure>\n\n\n\n<p>Tambi\u00e9n, la directora de la carrera de Ciencias de la Comunicaci\u00f3n, menciona como punto de ataque los salarios del plantel docente y no-docente<em>: \u00abEstos tambi\u00e9n est\u00e1n congelados. Esa masa salarial la acuerdan los gremios en paritarias, que tambi\u00e9n est\u00e1n congeladas. Solo hemos recibido como propuesta un 6% de aumento salarial, en un contexto de inflaci\u00f3n del 70%\u00bb.<\/em><\/p>\n\n\n\n<figure class=\"wp-block-audio\"><audio controls src=\"https:\/\/fmlatribu.com\/noticias\/wp-content\/uploads\/2024\/03\/LARISA-2.mp3\"><\/audio><\/figure>\n\n\n\n<p>Por \u00faltimo, como tercer v\u00eda de conflicto,<strong> Kejval<\/strong> alert\u00f3 sobre <em>\u201ccierta forma provocadora o estigmatizante del gobierno nacional al tratar de interpelar a las universidades nacionales. Referimos a un ataque ideol\u00f3gico a las unidades acad\u00e9micas, a su diversidad y pluralismo sobre todo\u201d.<\/em><\/p>\n\n\n\n<figure class=\"wp-block-audio\"><audio controls src=\"https:\/\/fmlatribu.com\/noticias\/wp-content\/uploads\/2024\/03\/LARISA-3.mp3\"><\/audio><\/figure>\n\n\n\n<p><strong>Producci\u00f3n: Eso que Falta.<\/strong><\/p>\n","protected":false},"excerpt":{"rendered":"<p>La semana pasada el Consejo interuniversitario Nacional public\u00f3 un comunicado en el que muestra la situaci\u00f3n cr\u00edtica de las universidades nacionales y advierten que \u00abde no mediar acciones que rectifiquen el rumbo, se ver\u00e1 seriamente afectado el pleno funcionamiento de las instituciones universitarias p\u00fablicas\u00bb. Larisa Kejval, Doctora en Ciencias Sociales y Directora de la carrera [&hellip;]<\/p>\n","protected":false},"author":3,"featured_media":56161,"comment_status":"closed","ping_status":"closed","sticky":false,"template":"","format":"standard","meta":{"footnotes":""},"categories":[438],"tags":[433,311,947,946,948],"class_list":["post-56160","post","type-post","status-publish","format-standard","has-post-thumbnail","hentry","category-politica","tag-docentes","tag-educacion","tag-facultad-de-ciencias-sociales","tag-larisa-kejval","tag-universidad-de-buenos-aires"],"_links":{"self":[{"href":"https:\/\/fmlatribu.com\/noticias\/wp-json\/wp\/v2\/posts\/56160","targetHints":{"allow":["GET"]}}],"collection":[{"href":"https:\/\/fmlatribu.com\/noticias\/wp-json\/wp\/v2\/posts"}],"about":[{"href":"https:\/\/fmlatribu.com\/noticias\/wp-json\/wp\/v2\/types\/post"}],"author":[{"embeddable":true,"href":"https:\/\/fmlatribu.com\/noticias\/wp-json\/wp\/v2\/users\/3"}],"replies":[{"embeddable":true,"href":"https:\/\/fmlatribu.com\/noticias\/wp-json\/wp\/v2\/comments?post=56160"}],"version-history":[{"count":7,"href":"https:\/\/fmlatribu.com\/noticias\/wp-json\/wp\/v2\/posts\/56160\/revisions"}],"predecessor-version":[{"id":56172,"href":"https:\/\/fmlatribu.com\/noticias\/wp-json\/wp\/v2\/posts\/56160\/revisions\/56172"}],"wp:featuredmedia":[{"embeddable":true,"href":"https:\/\/fmlatribu.com\/noticias\/wp-json\/wp\/v2\/media\/56161"}],"wp:attachment":[{"href":"https:\/\/fmlatribu.com\/noticias\/wp-json\/wp\/v2\/media?parent=56160"}],"wp:term":[{"taxonomy":"category","embeddable":true,"href":"https:\/\/fmlatribu.com\/noticias\/wp-json\/wp\/v2\/categories?post=56160"},{"taxonomy":"post_tag","embeddable":true,"href":"https:\/\/fmlatribu.com\/noticias\/wp-json\/wp\/v2\/tags?post=56160"}],"curies":[{"name":"wp","href":"https:\/\/api.w.org\/{rel}","templated":true}]}}