{"id":56174,"date":"2024-03-17T17:40:32","date_gmt":"2024-03-17T17:40:32","guid":{"rendered":"https:\/\/fmlatribu.com\/noticias\/?p=56174"},"modified":"2024-03-24T13:11:34","modified_gmt":"2024-03-24T13:11:34","slug":"la-red-federal-por-los-derechos-humanos-pidio-por-una-marcha-unica-por-el-24-de-marzo-dia-de-la-memoria-la-verdad-y-la-justicia","status":"publish","type":"post","link":"https:\/\/fmlatribu.com\/noticias\/la-red-federal-por-los-derechos-humanos-pidio-por-una-marcha-unica-por-el-24-de-marzo-dia-de-la-memoria-la-verdad-y-la-justicia\/","title":{"rendered":"La Red Federal por los Derechos Humanos pidi\u00f3 por una marcha \u00fanica el 24 de marzo"},"content":{"rendered":"\n<p>La Red compuesta por m\u00e1s de 90 organismos, organizaciones sociales y sindicatos, hizo un llamado a \u00abuna \u00fanica marcha y un \u00fanico acto\u00bb para el pr\u00f3ximo 24 de marzo\u00bb, para dar un mensaje de unidad ante los ataques del Gobierno de Javier Milei. <\/p>\n\n\n\n<p><strong>Mat\u00edas Fachal<\/strong>, secretario general de la Federaci\u00f3n Judicial Argentina (FJA), una de las organizaciones que impulsa la red y se prepara para conmemorar un nuevo D\u00eda Nacional de la Memoria por la Verdad y la Justicia, el primero de la era Milei, afirma que: <em>\u201cYa somos 98 organizaciones, adem\u00e1s de personalidades como Norita Corti\u00f1as o Adolfo P\u00e9rez Esquivel, y firmamos este llamamiento para que este 24 de marzo haya una sola marcha y un solo acto, porque as\u00ed como en el Frente de Gremios Estatales nos unimos para enfrentar los ataques del Gobierno y defender el empleo p\u00fablico, en la Red pensamos que necesitamos la mayor unidad posible\u201d.<\/em><\/p>\n\n\n\n<figure class=\"wp-block-audio\"><audio controls src=\"https:\/\/fmlatribu.com\/noticias\/wp-content\/uploads\/2024\/03\/FACHAL-PIDE-UNIDAD-EL-24M.mp3\"><\/audio><\/figure>\n\n\n\n<p>\u201cLamentablemente hace muchos a\u00f1os que no hay una sola marcha, pero estamos expectantes y poniendo todo lo que est\u00e1 a nuestro alcance\u201d, asegur\u00f3 el secretario general de los judiciales. Consultado sobre c\u00f3mo piensan sortear las diferencias hist\u00f3ricas entre las organizaciones y partidos pol\u00edticos, el dirigente explic\u00f3 que \u201cen la red tenemos organismos que forman parte de las distintas marchas del 24 de marzo, incluso independientes, como la Mesa de Organismos de Derechos Humanos o el Encuentro de Memoria, Verdad y Justicia, y a todos les pedimos el esfuerzo de hacer una sola marcha con un solo acto\u201d.<\/p>\n\n\n\n<p>En ese plano, <strong>Fachal<\/strong> tambi\u00e9n aclar\u00f3 que <em>\u201clos matices y las diferencias las vamos a seguir discutiendo en otros \u00e1mbitos, nadie se olvida de eso, pero este 24 de marzo es necesario tener una sola marcha, para voltear el DNU 70 y que quede bien expresado que este Gobierno es la continuidad de la \u00faltima Dictadura\u201d.&nbsp;<\/em><\/p>\n\n\n\n<figure class=\"wp-block-audio\"><audio controls src=\"https:\/\/fmlatribu.com\/noticias\/wp-content\/uploads\/2024\/03\/FACHAL-SOBRE-EL-FRENTE-DE-GREMIOS.mp3\"><\/audio><\/figure>\n\n\n\n<p>Para la Red, los Derechos Humanos abarca desde la memor\u00eda de sus compa\u00f1eros ca\u00eddos en los a\u00f1os 70s, pero tambi\u00e9n la defensa de los derechos constitucionales, el acceso a la educaci\u00f3n, la salud, al trabajo y la vivienda digna.<em> \u201cLa Red es una trinchera m\u00e1s de resistencia para enfrentar los ataques del Gobierno y defendernos de la represi\u00f3n\u201d,<\/em> dijo Fachal.&nbsp;<\/p>\n\n\n\n<p>Adem\u00e1s, el dirigente hizo un llamamiento a<em> \u201cenfrentar todas las vulneraciones de derechos humanos, en su concepci\u00f3n m\u00e1s amplia, que viene haciendo este Gobierno: desde el protocolo antiprotestas, reprimiendo la movilizaci\u00f3n del 27 de diciembre frente de la Corte Suprema de Justicia, lo hicieron en los d\u00edas que se trat\u00f3 el ca\u00eddo proyecto de Ley \u00d3mnibus, incluso utilizando sustancias t\u00f3xicas, porque el nuevo gas pimienta persiste sus efectos por m\u00e1s de 48 horas y quema la piel\u201d.\u00a0<\/em><\/p>\n\n\n\n<p>Por \u00faltimo, <strong>Fachal<\/strong> hizo referencia al Frente de Gremios Estatales, que se conform\u00f3 hace tres meses por la preocupaci\u00f3n ante un plan econ\u00f3mico que, dicen, ya conoc\u00edan. <em>\u201cPorque no es otro que una r\u00e9mora que llev\u00f3 adelante la \u00faltima Dictadura, como tambi\u00e9n en la d\u00e9cada neoliberal, y tambi\u00e9n el de Macri, con lo cual conoc\u00edamos de antemano las consecuencias\u201d<\/em>, expres\u00f3.&nbsp;<\/p>\n\n\n\n<p><em>\u201cLos cierres, los intentos de privatizaciones y despidos, lamentablemente era algo que avizoramos, de ah\u00ed la necesidad de poder organizarnos y unirnos, de tener m\u00e1s fuerza en los distintos niveles y sectores del Estado\u201d, <\/em>expres\u00f3 el dirigente de los judiciales, y cerr\u00f3:<em> \u201cnos estamos desplegando en todas las provincias, con intersindicales o frentes gremiales, y esto se da en San Luis, La Pampa, Mendoza, Tierra del Fuego, Chubut, San Juan y C\u00f3rdoba\u201d.<\/em><\/p>\n\n\n\n<p><strong>Producci\u00f3n: Bancame hasta ma\u00f1ana<\/strong><\/p>\n\n\n\n<p><strong>Foto: T\u00e9lam<\/strong><\/p>\n","protected":false},"excerpt":{"rendered":"<p>La Red compuesta por m\u00e1s de 90 organismos, organizaciones sociales y sindicatos, hizo un llamado a \u00abuna \u00fanica marcha y un \u00fanico acto\u00bb para el pr\u00f3ximo 24 de marzo\u00bb, para dar un mensaje de unidad ante los ataques del Gobierno de Javier Milei. Mat\u00edas Fachal, secretario general de la Federaci\u00f3n Judicial Argentina (FJA), una de [&hellip;]<\/p>\n","protected":false},"author":3,"featured_media":56180,"comment_status":"closed","ping_status":"closed","sticky":false,"template":"","format":"standard","meta":{"footnotes":""},"categories":[438],"tags":[348,769,276,816,604],"class_list":["post-56174","post","type-post","status-publish","format-standard","has-post-thumbnail","hentry","category-politica","tag-24-de-marzo","tag-dddhh","tag-derechos-humanos","tag-memoria-verdad-justicia","tag-politica"],"_links":{"self":[{"href":"https:\/\/fmlatribu.com\/noticias\/wp-json\/wp\/v2\/posts\/56174","targetHints":{"allow":["GET"]}}],"collection":[{"href":"https:\/\/fmlatribu.com\/noticias\/wp-json\/wp\/v2\/posts"}],"about":[{"href":"https:\/\/fmlatribu.com\/noticias\/wp-json\/wp\/v2\/types\/post"}],"author":[{"embeddable":true,"href":"https:\/\/fmlatribu.com\/noticias\/wp-json\/wp\/v2\/users\/3"}],"replies":[{"embeddable":true,"href":"https:\/\/fmlatribu.com\/noticias\/wp-json\/wp\/v2\/comments?post=56174"}],"version-history":[{"count":6,"href":"https:\/\/fmlatribu.com\/noticias\/wp-json\/wp\/v2\/posts\/56174\/revisions"}],"predecessor-version":[{"id":56184,"href":"https:\/\/fmlatribu.com\/noticias\/wp-json\/wp\/v2\/posts\/56174\/revisions\/56184"}],"wp:featuredmedia":[{"embeddable":true,"href":"https:\/\/fmlatribu.com\/noticias\/wp-json\/wp\/v2\/media\/56180"}],"wp:attachment":[{"href":"https:\/\/fmlatribu.com\/noticias\/wp-json\/wp\/v2\/media?parent=56174"}],"wp:term":[{"taxonomy":"category","embeddable":true,"href":"https:\/\/fmlatribu.com\/noticias\/wp-json\/wp\/v2\/categories?post=56174"},{"taxonomy":"post_tag","embeddable":true,"href":"https:\/\/fmlatribu.com\/noticias\/wp-json\/wp\/v2\/tags?post=56174"}],"curies":[{"name":"wp","href":"https:\/\/api.w.org\/{rel}","templated":true}]}}