{"id":56253,"date":"2024-03-24T13:02:19","date_gmt":"2024-03-24T13:02:19","guid":{"rendered":"https:\/\/fmlatribu.com\/noticias\/?p=56253"},"modified":"2024-04-11T14:36:21","modified_gmt":"2024-04-11T14:36:21","slug":"ernesto-gaya-de-h-i-j-o-s-hay-una-manipulacion-constante-contra-la-politica-de-memoria-verdad-y-justicia","status":"publish","type":"post","link":"https:\/\/fmlatribu.com\/noticias\/ernesto-gaya-de-h-i-j-o-s-hay-una-manipulacion-constante-contra-la-politica-de-memoria-verdad-y-justicia\/","title":{"rendered":"Ernesto Gay\u00e1 de H.I.J.O.S: \u00abHay una manipulaci\u00f3n constante contra la pol\u00edtica de memoria, verdad y justicia\u00bb"},"content":{"rendered":"\n<p>\u00ab<em>El gobierno ha venido con la intenci\u00f3n de terminar en su tercer etapa, el trabajo sucio que empez\u00f3 la dictadura c\u00edvico-empresarial-militar. Cuando uno piensa el plan econ\u00f3mico de Martinez de Hoz, el de Cavallo y el de Macri, son como una sucesi\u00f3n, la misma intenci\u00f3n, el mismo fin, diferente m\u00e9todo. Hoy somos v\u00edcitimas de una situaci\u00f3n en el marco de una banalizaci\u00f3n y manipulaci\u00f3n constante contra la pol\u00edtica de memoria, verdad y justicia que ha cimentado la sociedad argentina en los \u00faltimos 40 a\u00f1os\u00bb afirma el referente de H.I.J.O.S. <\/em><\/p>\n\n\n\n<figure class=\"wp-block-audio\"><audio controls src=\"https:\/\/fmlatribu.com\/noticias\/wp-content\/uploads\/2024\/03\/ERNESTO-1.mp3\"><\/audio><\/figure>\n\n\n\n<p>Adem\u00e1s, reconstruye la historia de los genocidios en relaci\u00f3n a la deshumanizaci\u00f3n de sectores de la poblaci\u00f3n:<em> \u00abEl antecedente m\u00e1s conocido es el Holocausto. Todo empez\u00f3 con la deshumanizaci\u00f3n y estigmatizaci\u00f3n de grupos humanos como pueden ser los pueblos judios, los eslavos, y termin\u00f3 en una voragine criminal de autoeliminaci\u00f3n constante que llev\u00f3 la humanidad a ese punto. El por qu\u00e9 el gobierno maneja estos discursos actuales,  en mi fuero \u00edntimo yo pienso que porque no pueden solos. Porque aquello que detenta y oculta las mas viles intenciones, como eliminar a una parte de la oposici\u00f3n politica o a quienes sustentan otro modelo econ\u00f3mico, necesita de un aparato muy grande, una masividad de consenso, con la indiferencia de la sociedad. No alcanza con la fuerza represiva, tienen que cooptar el sentido com\u00fan. Validar el discuso a partir de la deshumanizaci\u00f3n, o la persecucis\u00f3n constante, pol\u00edtica, judicial, etc..\u00bb<\/em><\/p>\n\n\n\n<figure class=\"wp-block-audio\"><audio controls src=\"https:\/\/fmlatribu.com\/noticias\/wp-content\/uploads\/2024\/03\/ERNESTO-2.mp3\"><\/audio><\/figure>\n\n\n\n<p>Por \u00faltimo, sobre la historia de H.I.J.O.S y su militancia en estos a\u00f1os, y en relaci\u00f3n al atentado a una compa\u00f1era de la organizaci\u00f3n, <strong>Gay\u00e1 <\/strong>comenta que: <em>\u00abEramos un organismo de derechos humanos que discut\u00eda y se peleaba con el Estado o con los gobiernos sucesivos, porque ninguno demostraba real compromiso en la lucha contra la impunidad. No solo no la validaban sino que la sosten\u00edan con leyes. En ese momeno teniamos sobradas situaciones de violencia, amenazas, intrusi\u00f3n en casas, secuestros y dem\u00e1s. Algunos salieron a la luz, otros no\u00bb.<\/em><\/p>\n\n\n\n<figure class=\"wp-block-audio\"><audio controls src=\"https:\/\/fmlatribu.com\/noticias\/wp-content\/uploads\/2024\/03\/ERNESTO-3.mp3\"><\/audio><\/figure>\n\n\n\n<p><strong>Producci\u00f3n: Bancame hasta ma\u00f1ana.<\/strong><\/p>\n\n\n\n<p><em>*Para descargar los audios hacer clic con el bot\u00f3n derecho sobre el reproductor de audio<\/em><\/p>\n","protected":false},"excerpt":{"rendered":"<p>\u00abEl gobierno ha venido con la intenci\u00f3n de terminar en su tercer etapa, el trabajo sucio que empez\u00f3 la dictadura c\u00edvico-empresarial-militar. Cuando uno piensa el plan econ\u00f3mico de Martinez de Hoz, el de Cavallo y el de Macri, son como una sucesi\u00f3n, la misma intenci\u00f3n, el mismo fin, diferente m\u00e9todo. Hoy somos v\u00edcitimas de una [&hellip;]<\/p>\n","protected":false},"author":3,"featured_media":56256,"comment_status":"closed","ping_status":"closed","sticky":false,"template":"","format":"standard","meta":{"footnotes":""},"categories":[438],"tags":[956,927,276,960,816,604],"class_list":["post-56253","post","type-post","status-publish","format-standard","has-post-thumbnail","hentry","category-politica","tag-24m","tag-ddhh","tag-derechos-humanos","tag-hijos","tag-memoria-verdad-justicia","tag-politica"],"_links":{"self":[{"href":"https:\/\/fmlatribu.com\/noticias\/wp-json\/wp\/v2\/posts\/56253","targetHints":{"allow":["GET"]}}],"collection":[{"href":"https:\/\/fmlatribu.com\/noticias\/wp-json\/wp\/v2\/posts"}],"about":[{"href":"https:\/\/fmlatribu.com\/noticias\/wp-json\/wp\/v2\/types\/post"}],"author":[{"embeddable":true,"href":"https:\/\/fmlatribu.com\/noticias\/wp-json\/wp\/v2\/users\/3"}],"replies":[{"embeddable":true,"href":"https:\/\/fmlatribu.com\/noticias\/wp-json\/wp\/v2\/comments?post=56253"}],"version-history":[{"count":7,"href":"https:\/\/fmlatribu.com\/noticias\/wp-json\/wp\/v2\/posts\/56253\/revisions"}],"predecessor-version":[{"id":56271,"href":"https:\/\/fmlatribu.com\/noticias\/wp-json\/wp\/v2\/posts\/56253\/revisions\/56271"}],"wp:featuredmedia":[{"embeddable":true,"href":"https:\/\/fmlatribu.com\/noticias\/wp-json\/wp\/v2\/media\/56256"}],"wp:attachment":[{"href":"https:\/\/fmlatribu.com\/noticias\/wp-json\/wp\/v2\/media?parent=56253"}],"wp:term":[{"taxonomy":"category","embeddable":true,"href":"https:\/\/fmlatribu.com\/noticias\/wp-json\/wp\/v2\/categories?post=56253"},{"taxonomy":"post_tag","embeddable":true,"href":"https:\/\/fmlatribu.com\/noticias\/wp-json\/wp\/v2\/tags?post=56253"}],"curies":[{"name":"wp","href":"https:\/\/api.w.org\/{rel}","templated":true}]}}