{"id":56254,"date":"2024-03-24T13:49:20","date_gmt":"2024-03-24T13:49:20","guid":{"rendered":"https:\/\/fmlatribu.com\/noticias\/?p=56254"},"modified":"2024-04-11T14:36:19","modified_gmt":"2024-04-11T14:36:19","slug":"el-archivo-popular-de-la-memoria-presento-de-la-investigacion-sobre-la-cremacion-en-el-campo-de-deportes-de-la-esma","status":"publish","type":"post","link":"https:\/\/fmlatribu.com\/noticias\/el-archivo-popular-de-la-memoria-presento-de-la-investigacion-sobre-la-cremacion-en-el-campo-de-deportes-de-la-esma\/","title":{"rendered":"El Archivo Popular de la Memoria present\u00f3 de la \u00abInvestigaci\u00f3n sobre la Cremaci\u00f3n en el Campo de Deportes de la ESMA\u00bb"},"content":{"rendered":"\n<p>En el marco del Mes de la Memoria por la Verdad y la Justicia, el Archivo Popular de la Memoria present\u00f3 el resultado de la \u00abInvestigaci\u00f3n Cremaci\u00f3n en el Campo de Deportes de la ESMA\u00bb, que da cuenta de hechos y circunstancias ocurridos en ese espacio.<\/p>\n\n\n\n<p><strong>Carlos \u201cSueco\u201d Lordkipanidse<\/strong>, sobreviviente de la ex-Esma, describi\u00f3 el trabajo del Archivo y la investigaci\u00f3n que vienen realizando <em>\u201cpara tratar de echar luz y verdad sobre lo ocurrido con nuestros 30.000 compa\u00f1eros desaparecidos y trabaja en la recuperaci\u00f3n de la identidad de los 400 ni\u00f1os que faltan\u00bb.<\/em><\/p>\n\n\n\n<figure class=\"wp-block-audio\"><audio controls src=\"https:\/\/fmlatribu.com\/noticias\/wp-content\/uploads\/2024\/03\/Sueco01.mp3\"><\/audio><\/figure>\n\n\n\n<p><em>\u201cEn esta oportunidad lo que nos aboca como tem\u00e1tica es el hecho de que el Campo de Deporte de ESMA, mal llamado Campo de Deportes de la ESMA porque en su momento era un campo de entrenamiento no era un campo de deporte, no hab\u00edan actividades deportivas en la \u00e9poca de la dictadura. Era un campo de entrenamiento para los Infantes de Marina, porque era un terreno agreste, lleno de vegetaci\u00f3n salvaje y dem\u00e1s cuestiones a la orilla del Arroyo Medrano, que abarca una superficie 7 hect\u00e1reas, que es lindero Escuela de Mec\u00e1nica de la Armada separado por la Avenida Lugones\u201d<\/em>, detall\u00f3 <strong>Lordkipanidse<\/strong>.<\/p>\n\n\n\n<figure class=\"wp-block-audio\"><audio controls src=\"https:\/\/fmlatribu.com\/noticias\/wp-content\/uploads\/2024\/03\/Sueco02.mp3\"><\/audio><\/figure>\n\n\n\n<p>El \u201cSueco\u201d tambi\u00e9n record\u00f3 que parte de estos hechos los \u201crelata Scilingo que es el \u00fanico militar que dio informaci\u00f3n acerca de c\u00f3mo funcionaba la ESMA y sobre todo el tema de los vuelos de la muerte\u201d.&nbsp;<\/p>\n\n\n\n<p><em>\u201cRiver Plate es una instituci\u00f3n privada y el campo de deportes es un terreno del Estado que nunca fue incorporado como espacio de memoria al total de la ESMA, nunca pas\u00f3 a ser parte de la &#8216;expropiaci\u00f3n&#8217; que hizo el Estado a la Marina de lo que s\u00ed son las 17 hect\u00e1reas que est\u00e1n sobre Avenida Libertador\u201d<\/em>, remarc\u00f3<strong> Lordkipanidse<\/strong> como parte de los argumentos por los que se oponen a la cesi\u00f3n de estos terrenos.<\/p>\n\n\n\n<figure class=\"wp-block-audio\"><audio controls src=\"https:\/\/fmlatribu.com\/noticias\/wp-content\/uploads\/2024\/03\/Sueco-03.mp3\"><\/audio><\/figure>\n\n\n\n<p><strong>Producci\u00f3n: Charco de Arena.<\/strong><\/p>\n\n\n\n<p><em>*Para descargar los audios hacer clic con el bot\u00f3n derecho sobre el reproductor de audio<\/em><\/p>\n","protected":false},"excerpt":{"rendered":"<p>En el marco del Mes de la Memoria por la Verdad y la Justicia, el Archivo Popular de la Memoria present\u00f3 el resultado de la \u00abInvestigaci\u00f3n Cremaci\u00f3n en el Campo de Deportes de la ESMA\u00bb, que da cuenta de hechos y circunstancias ocurridos en ese espacio. Carlos \u201cSueco\u201d Lordkipanidse, sobreviviente de la ex-Esma, describi\u00f3 el [&hellip;]<\/p>\n","protected":false},"author":3,"featured_media":56265,"comment_status":"closed","ping_status":"closed","sticky":false,"template":"","format":"standard","meta":{"footnotes":""},"categories":[438],"tags":[348,966,276,500,602,964,350,965],"class_list":["post-56254","post","type-post","status-publish","format-standard","has-post-thumbnail","hentry","category-politica","tag-24-de-marzo","tag-archivo-popular","tag-derechos-humanos","tag-esma","tag-justicia","tag-memoria","tag-memoria-verdad-y-justicia","tag-verdad"],"_links":{"self":[{"href":"https:\/\/fmlatribu.com\/noticias\/wp-json\/wp\/v2\/posts\/56254","targetHints":{"allow":["GET"]}}],"collection":[{"href":"https:\/\/fmlatribu.com\/noticias\/wp-json\/wp\/v2\/posts"}],"about":[{"href":"https:\/\/fmlatribu.com\/noticias\/wp-json\/wp\/v2\/types\/post"}],"author":[{"embeddable":true,"href":"https:\/\/fmlatribu.com\/noticias\/wp-json\/wp\/v2\/users\/3"}],"replies":[{"embeddable":true,"href":"https:\/\/fmlatribu.com\/noticias\/wp-json\/wp\/v2\/comments?post=56254"}],"version-history":[{"count":4,"href":"https:\/\/fmlatribu.com\/noticias\/wp-json\/wp\/v2\/posts\/56254\/revisions"}],"predecessor-version":[{"id":56277,"href":"https:\/\/fmlatribu.com\/noticias\/wp-json\/wp\/v2\/posts\/56254\/revisions\/56277"}],"wp:featuredmedia":[{"embeddable":true,"href":"https:\/\/fmlatribu.com\/noticias\/wp-json\/wp\/v2\/media\/56265"}],"wp:attachment":[{"href":"https:\/\/fmlatribu.com\/noticias\/wp-json\/wp\/v2\/media?parent=56254"}],"wp:term":[{"taxonomy":"category","embeddable":true,"href":"https:\/\/fmlatribu.com\/noticias\/wp-json\/wp\/v2\/categories?post=56254"},{"taxonomy":"post_tag","embeddable":true,"href":"https:\/\/fmlatribu.com\/noticias\/wp-json\/wp\/v2\/tags?post=56254"}],"curies":[{"name":"wp","href":"https:\/\/api.w.org\/{rel}","templated":true}]}}