{"id":56274,"date":"2024-03-24T15:34:01","date_gmt":"2024-03-24T15:34:01","guid":{"rendered":"https:\/\/fmlatribu.com\/noticias\/?p=56274"},"modified":"2024-04-18T15:05:49","modified_gmt":"2024-04-18T15:05:49","slug":"ezequiel-ipar","status":"publish","type":"post","link":"https:\/\/fmlatribu.com\/noticias\/ezequiel-ipar\/","title":{"rendered":"Ezequiel Ipar: \u00abLos discursos de odio buscan normalizar una desmemoria\u00bb"},"content":{"rendered":"\n<p><strong>Ezequiel Ipar<\/strong> dirige el Laboratorio de Estudios sobre Democracia y Autoritarismos (LEDA), es Soci\u00f3logo, doctor en Filosof\u00eda y en Ciencias sociales. Adem\u00e1s, es investigador independiente CONICET y UBA.<\/p>\n\n\n\n<p><strong>Ipar <\/strong>reflexiona sobre los discursos de odio y como calan en las sociedades por parte de algunos sectores que los enuncian:<em> \u00abLos discursos crueles, lo que buscan es normalizar por un lado una desmemoria, y una desmemoria dirigida a aprendizajes colectivos. Buscan quye desaprendamos todo lo que aprendimos cuando luchamos contra los crimenes de la dictadura, y la herencia de esa tradici\u00f3n cultural. Buscan provocar a ver si pueden inseretar esa vieja trama cultural de nuevo en nuestro presente\u00bb.<\/em><\/p>\n\n\n\n<figure class=\"wp-block-audio\"><audio controls src=\"https:\/\/fmlatribu.com\/noticias\/wp-content\/uploads\/2024\/03\/IPAR-1.mp3\"><\/audio><\/figure>\n\n\n\n<p>El soci\u00f3logo tambi\u00e9n reflexiona sobre lo que pasa con la juventud en este contexto.<\/p>\n\n\n\n<blockquote class=\"wp-block-quote is-layout-flow wp-block-quote-is-layout-flow\">\n<p> <em>\u00abHay un desafio con los jovenes, que no hicimos en la pos pandemia. Es una generaci\u00f3n que qued\u00f3 perturbada por eventos que afectaron su vida, su sociabilidad, su perspectiva de futuro. Hay deuda de los partidos pol\u00edticos democr\u00e1ticos con esa juventud y si no se la atiende, lo que gana es el discurso simplista que plantea la extrema derecha\u00bb.<\/em><\/p>\n<\/blockquote>\n\n\n\n<figure class=\"wp-block-audio\"><audio controls src=\"https:\/\/fmlatribu.com\/noticias\/wp-content\/uploads\/2024\/03\/IPAR-2.mp3\"><\/audio><\/figure>\n\n\n\n<p>Adem\u00e1s, sobre c\u00f3mo los discursos trasbasan los l\u00edmites,<strong> Ipar <\/strong>da algunos ejemplos y se pregunta:<em> \u00ab\u00bfC\u00f3mo podemos construir ese l\u00edmite a los discursos de odio? \u00bfC\u00f3mo se reconstruyen? La sociedad pensaba que esos l\u00edmites estaban solidificados, y no era as\u00ed. Hay mucho de reconstrucci\u00f3n y articulaci\u00f3n politica. Hay que pensar la pol\u00edtica de diversas maneras, c\u00f3mo articular politicamente diversos consensos, con fuerzas politicas con las que no coincidirias en todos los temas, pero con las que s\u00ed pod\u00e9s poner un l\u00edmite para estos temas. C\u00f3mo ponerle un limite a la extrema derecha en el espacio publico, a mi me parece clave en este momento\u00bb.<\/em><\/p>\n\n\n\n<figure class=\"wp-block-audio\"><audio controls src=\"https:\/\/fmlatribu.com\/noticias\/wp-content\/uploads\/2024\/03\/IPAR-3.mp3\"><\/audio><\/figure>\n\n\n\n<p>Por \u00faltimo, <strong>Ipar <\/strong>reflexiona sobre el discurso del gobierno acerca de la historia:<em> \u00abNo hay futuro y presente, sin pasado. El pasado es la sustancia de la que sacamos la manera de vivir el presente e imaginar el futuro\u00bb.<\/em><\/p>\n\n\n\n<p>\u00ab<em>Hay algo de la traducci\u00f3n para esta juventud que est\u00e1 faltando. Tal vez en este desaf\u00edo que tenemos en frente como el gobierno queu tenemos, se activen als fuerzas creativas para reestablecer estos puentes que no dir\u00eca que se rompieron pero que s\u00ed se volvieron m\u00e1s fr\u00e1giles\u00bb. <\/em><\/p>\n\n\n\n<figure class=\"wp-block-audio\"><audio controls src=\"https:\/\/fmlatribu.com\/noticias\/wp-content\/uploads\/2024\/03\/IPAR-4.mp3\"><\/audio><\/figure>\n\n\n\n<p><strong>Producci\u00f3n: 30 mil razones. Programa especial por el 24 de marzo<\/strong><\/p>\n\n\n\n<p><em>*Para descargar los audios hacer clic con el bot\u00f3n derecho sobre el reproductor de audio<\/em><\/p>\n","protected":false},"excerpt":{"rendered":"<p>Ezequiel Ipar dirige el Laboratorio de Estudios sobre Democracia y Autoritarismos (LEDA), es Soci\u00f3logo, doctor en Filosof\u00eda y en Ciencias sociales. Adem\u00e1s, es investigador independiente CONICET y UBA. Ipar reflexiona sobre los discursos de odio y como calan en las sociedades por parte de algunos sectores que los enuncian: \u00abLos discursos crueles, lo que buscan [&hellip;]<\/p>\n","protected":false},"author":3,"featured_media":56287,"comment_status":"closed","ping_status":"closed","sticky":false,"template":"","format":"standard","meta":{"footnotes":""},"categories":[438],"tags":[956,968,816,604],"class_list":["post-56274","post","type-post","status-publish","format-standard","has-post-thumbnail","hentry","category-politica","tag-24m","tag-discursos-de-odio","tag-memoria-verdad-justicia","tag-politica"],"_links":{"self":[{"href":"https:\/\/fmlatribu.com\/noticias\/wp-json\/wp\/v2\/posts\/56274","targetHints":{"allow":["GET"]}}],"collection":[{"href":"https:\/\/fmlatribu.com\/noticias\/wp-json\/wp\/v2\/posts"}],"about":[{"href":"https:\/\/fmlatribu.com\/noticias\/wp-json\/wp\/v2\/types\/post"}],"author":[{"embeddable":true,"href":"https:\/\/fmlatribu.com\/noticias\/wp-json\/wp\/v2\/users\/3"}],"replies":[{"embeddable":true,"href":"https:\/\/fmlatribu.com\/noticias\/wp-json\/wp\/v2\/comments?post=56274"}],"version-history":[{"count":5,"href":"https:\/\/fmlatribu.com\/noticias\/wp-json\/wp\/v2\/posts\/56274\/revisions"}],"predecessor-version":[{"id":56288,"href":"https:\/\/fmlatribu.com\/noticias\/wp-json\/wp\/v2\/posts\/56274\/revisions\/56288"}],"wp:featuredmedia":[{"embeddable":true,"href":"https:\/\/fmlatribu.com\/noticias\/wp-json\/wp\/v2\/media\/56287"}],"wp:attachment":[{"href":"https:\/\/fmlatribu.com\/noticias\/wp-json\/wp\/v2\/media?parent=56274"}],"wp:term":[{"taxonomy":"category","embeddable":true,"href":"https:\/\/fmlatribu.com\/noticias\/wp-json\/wp\/v2\/categories?post=56274"},{"taxonomy":"post_tag","embeddable":true,"href":"https:\/\/fmlatribu.com\/noticias\/wp-json\/wp\/v2\/tags?post=56274"}],"curies":[{"name":"wp","href":"https:\/\/api.w.org\/{rel}","templated":true}]}}