{"id":56604,"date":"2024-06-25T21:23:50","date_gmt":"2024-06-25T21:23:50","guid":{"rendered":"https:\/\/fmlatribu.com\/noticias\/?p=56604"},"modified":"2024-06-25T21:23:52","modified_gmt":"2024-06-25T21:23:52","slug":"nuevo-regimen-academico-de-la-provincia-de-buenos-aires","status":"publish","type":"post","link":"https:\/\/fmlatribu.com\/noticias\/nuevo-regimen-academico-de-la-provincia-de-buenos-aires\/","title":{"rendered":"Nuevo r\u00e9gimen acad\u00e9mico de la Provincia de Buenos Aires"},"content":{"rendered":"\n<p>El ministro de Educaci\u00f3n bonaerense, Alberto Sileoni, anunci\u00f3 hace algunos d\u00edas atr\u00e1s la implementaci\u00f3n de un nuevo R\u00e9gimen Acad\u00e9mico que regir\u00e1 en la provincia a partir del 2025. En el anuncio del ministro se mencionan \u201cactualizaciones, nuevos dise\u00f1os curriculares y un nuevo r\u00e9gimen acad\u00e9mico\u201d. <\/p>\n\n\n\n<p>\u00ab<em>En principio el nuevo r\u00e9gimen acad\u00e9mico de la escuela secundaria era algo esperado. El consejo general de educaci\u00f3n est\u00e1 representado por el Ejecutivo, la representaci\u00f3n y representantes de la oposici\u00f3n, en este caso fue votado por unanimidad<\/em>. Se tomaron propuestas que tra\u00eda la oposici\u00f3n y las incluyeron\u00bb, sostuvo <strong>Mar\u00eda Laura Torre<\/strong>, dirigente sindical docente, <strong>Secretaria General Adjunta de SUTEBA<\/strong>.<br><\/p>\n\n\n\n<figure class=\"wp-block-audio\"><audio controls src=\"https:\/\/fmlatribu.com\/noticias\/wp-content\/uploads\/2024\/06\/suteba1.mp3\"><\/audio><\/figure>\n\n\n\n<p>\u00ab<em>La idea es que aprendan. Me parece una buena noticia<\/em> y lo m\u00e1s importante es que ahora tenemos seis meses para trabajarlo antes de la implementaci\u00f3n el a\u00f1o que viene\u00bb, explic\u00f3 <strong>Torre<\/strong>.<\/p>\n\n\n\n<p><strong>Torre <\/strong>a\u00f1adi\u00f3 que desde el SUTEBA trabajar\u00e1n primero con lxs delegadxs y directivxs de las escuelas secundarias sobre este nuevo r\u00e9gimen y luego planean hacerlo a nivel distrital para poder evaluar c\u00f3mo ser\u00eda la aplicaci\u00f3n en el territorio, siendo este tan extenso y teniendo en cuenta las diferencias entre las propias escuelas.<\/p>\n\n\n\n<figure class=\"wp-block-audio\"><audio controls src=\"https:\/\/fmlatribu.com\/noticias\/wp-content\/uploads\/2024\/06\/suteba2.mp3\"><\/audio><\/figure>\n\n\n\n<p>\u00ab<em>La educaci\u00f3n no puede estar en un vaiv\u00e9n que dependa de cada gobierno que asume. Esto nos est\u00e1 pasando hoy y est\u00e1 ligado a la formaci\u00f3n docente, evaluaci\u00f3n de los alumnos, a las condiciones laborales. Hoy la Secretar\u00eda de Educaci\u00f3n no est\u00e1 pensando a nivel federal. El financiamiento en educaci\u00f3n es muy importante<\/em>\u00ab, finaliz\u00f3 <strong>Torre<\/strong>.<\/p>\n\n\n\n<p>Las nuevas formas de calificaci\u00f3n, evaluaci\u00f3n comenzar\u00e1n a regir a partir de marzo 2025 para la Provincia de Buenos Aires.<\/p>\n\n\n\n<p><\/p>\n\n\n\n<p>Producci\u00f3n: Eso que falta<br>Foto: T\u00e9lam<\/p>\n","protected":false},"excerpt":{"rendered":"<p>El ministro de Educaci\u00f3n bonaerense, Alberto Sileoni, anunci\u00f3 hace algunos d\u00edas atr\u00e1s la implementaci\u00f3n de un nuevo R\u00e9gimen Acad\u00e9mico que regir\u00e1 en la provincia a partir del 2025. En el anuncio del ministro se mencionan \u201cactualizaciones, nuevos dise\u00f1os curriculares y un nuevo r\u00e9gimen acad\u00e9mico\u201d. \u00abEn principio el nuevo r\u00e9gimen acad\u00e9mico de la escuela secundaria era [&hellip;]<\/p>\n","protected":false},"author":4,"featured_media":56637,"comment_status":"closed","ping_status":"closed","sticky":false,"template":"","format":"standard","meta":{"footnotes":""},"categories":[438],"tags":[513,1051,1050],"class_list":["post-56604","post","type-post","status-publish","format-standard","has-post-thumbnail","hentry","category-politica","tag-educacion-2","tag-regimen-academico-provincia-de-buenos-aires","tag-suteba"],"_links":{"self":[{"href":"https:\/\/fmlatribu.com\/noticias\/wp-json\/wp\/v2\/posts\/56604","targetHints":{"allow":["GET"]}}],"collection":[{"href":"https:\/\/fmlatribu.com\/noticias\/wp-json\/wp\/v2\/posts"}],"about":[{"href":"https:\/\/fmlatribu.com\/noticias\/wp-json\/wp\/v2\/types\/post"}],"author":[{"embeddable":true,"href":"https:\/\/fmlatribu.com\/noticias\/wp-json\/wp\/v2\/users\/4"}],"replies":[{"embeddable":true,"href":"https:\/\/fmlatribu.com\/noticias\/wp-json\/wp\/v2\/comments?post=56604"}],"version-history":[{"count":3,"href":"https:\/\/fmlatribu.com\/noticias\/wp-json\/wp\/v2\/posts\/56604\/revisions"}],"predecessor-version":[{"id":56640,"href":"https:\/\/fmlatribu.com\/noticias\/wp-json\/wp\/v2\/posts\/56604\/revisions\/56640"}],"wp:featuredmedia":[{"embeddable":true,"href":"https:\/\/fmlatribu.com\/noticias\/wp-json\/wp\/v2\/media\/56637"}],"wp:attachment":[{"href":"https:\/\/fmlatribu.com\/noticias\/wp-json\/wp\/v2\/media?parent=56604"}],"wp:term":[{"taxonomy":"category","embeddable":true,"href":"https:\/\/fmlatribu.com\/noticias\/wp-json\/wp\/v2\/categories?post=56604"},{"taxonomy":"post_tag","embeddable":true,"href":"https:\/\/fmlatribu.com\/noticias\/wp-json\/wp\/v2\/tags?post=56604"}],"curies":[{"name":"wp","href":"https:\/\/api.w.org\/{rel}","templated":true}]}}