{"id":56641,"date":"2024-06-25T23:12:32","date_gmt":"2024-06-25T23:12:32","guid":{"rendered":"https:\/\/fmlatribu.com\/noticias\/?p=56641"},"modified":"2024-07-01T14:49:43","modified_gmt":"2024-07-01T14:49:43","slug":"alberto-santillan-para-dar-semejante-lucha-dario-tuvo-que-tener-un-gran-amor","status":"publish","type":"post","link":"https:\/\/fmlatribu.com\/noticias\/alberto-santillan-para-dar-semejante-lucha-dario-tuvo-que-tener-un-gran-amor\/","title":{"rendered":"Alberto Santill\u00e1n: \u00abpara dar semejante lucha Dar\u00edo tuvo que tener un gran amor\u00bb"},"content":{"rendered":"\n<p>Hace 22 a\u00f1os fueron asesinados Dar\u00edo Santill\u00e1n y Maximiliano Kosteki en la represi\u00f3n del 25 de junio de 2002 ejecutada por la Polic\u00eda Bonaerense y cuyo m\u00e1ximo responsable pol\u00edtico fue el ex presidente Eduardo Duhalde. Hasta el momento, solo fueron condenados a prisi\u00f3n perpetua los responsables materiales, los exefectivos de la Bonaerense Alfredo Fanchiott<strong>i <\/strong>(excomisario) y Alejandro Acosta (excabo).Desde hace 22 a\u00f1os se reclama por el juicio y castigo a todos los responsables pol\u00edticos de la Masacre de Avellaneda.\u00a0<\/p>\n\n\n\n<p>Para recordar a Dar\u00edo y Maxi y para continuar con el pedido de justicia desde las 4 de la tarde y hasta las 21hs se llevar\u00e1 a cabo la tradicional jornada cultural y el 26 se realizar\u00e1 la movilizaci\u00f3n al Puente Pueyrred\u00f3n desde las 10 de la ma\u00f1ana junto a organizaciones sociales, pol\u00edticas y de derechos humanos, entre otras. Un a\u00f1o m\u00e1s, Junio Arde Rojo.<\/p>\n\n\n\n<p><strong>Alberto Santill\u00e1n, padre de Dar\u00edo,<\/strong> se refiri\u00f3 al aniversario y afirm\u00f3 que \u00abpara nosotros como familiares y toda la compa\u00f1erada que viene bancando la lucha hace 22 a\u00f1os todos los d\u00edas son dif\u00edciles. Todos los d\u00edas son dif\u00edciles pensar en el hijo, todos los d\u00edas es ver como la justicia mira para otro lado permanentemente cuando se trata de juzgar a los pol\u00edticos de turno o a los poderosos. Uno a veces tambi\u00e9n siente el peso de la lucha, a veces duele por la impotencia que genera porque no tengo justicia por mi hijo y no hay justicia por Maxi tampoco. Los chicos se merecen una justicia total y plena y que los responsables pol\u00edticos terminen junto con la poblaci\u00f3n carcelaria com\u00fan\u00bb.<\/p>\n\n\n\n<figure class=\"wp-block-audio\"><audio controls src=\"https:\/\/fmlatribu.com\/noticias\/wp-content\/uploads\/2024\/06\/ALBERTO_01.mp3\"><\/audio><\/figure>\n\n\n\n<p>Adem\u00e1s, coment\u00f3 que \u00abhoy va a ser una jornada un poco acotada por una cuesti\u00f3n l\u00f3gica de cuidarnos y preservarnos pero nada de eso hace que nosotros perdamos la alegr\u00eda. Y hoy es un d\u00eda de alegr\u00eda, de lucha\u00bb.\u00a0 <strong>Alberto<\/strong> destac\u00f3 que \u00abDar\u00edo para dar semejante lucha tuvo que tener un gran amor, as\u00ed como todos los compa\u00f1eros detenidos desaparecidos. Sin amor no se puede brindar tanta lucha y con el compromiso de llevar hasta \u00faltima instancia lo que dice, lo que pregona y por lo que pelea. Por eso, Dar\u00edo como tantos compa\u00f1eros y compa\u00f1eras son bisagra en la historia\u00bb.<\/p>\n\n\n\n<figure class=\"wp-block-audio\"><audio controls src=\"https:\/\/fmlatribu.com\/noticias\/wp-content\/uploads\/2024\/06\/ALBERTO_02.mp3\"><\/audio><\/figure>\n\n\n\n<p>Durante estos 22 a\u00f1os la madre de Plaza de Mayo, L\u00ednea Fundadora, Norita Corti\u00f1as acompa\u00f1\u00f3 a la familia de Dar\u00edo y Maxi, por eso <strong>Alberto Santill\u00e1n<\/strong> la recuerda desde ese momento y coment\u00f3 que \u00abcuando sucedi\u00f3 la masacre de Avellaneda una de las primeras personas que se encolumn\u00f3 y nos dio su total apoyo y compromiso fue Norita Corti\u00f1as. Con el tiempo nos conocimos un poquito m\u00e1s, hemos charlado algunas veces y nos hemos encontrado en distintos lugares. Y uno aprende a amarla, yo tengo un tremendo amor por Norita y me peg\u00f3 much\u00edsimo como a muchos y muchas su partida. Pero cuando uno se\u00f1ala que Norita es un faro de luz, de lucha es tal cual. Entonces nos corresponde a nosotros tenerla siempre, llevarla siempre con nosotros y no olvidarnos de todas las ense\u00f1anzas de vida, de lucha que nos dej\u00f3 Norita y nos seguir\u00e1 dejando\u00bb.<\/p>\n\n\n\n<figure class=\"wp-block-audio\"><audio controls src=\"https:\/\/fmlatribu.com\/noticias\/wp-content\/uploads\/2024\/06\/ALBERTO_03.mp3\"><\/audio><\/figure>\n\n\n\n<p>A diferencia de otros a\u00f1os, en esta oportunidad la jornada culminar\u00e1 a las 21hs, el padre de Dar\u00edo afirm\u00f3 que fue una decisi\u00f3n tomada \u00abpor todo lo que nos est\u00e1 rodeando y como Bullrich ya actuado cuando se trat\u00f3 la Ley de Bases, como ha reprimido sin miramientos\u00bb. En cuanto a aquella jornada que termin\u00f3 con la detenci\u00f3n arbitraria de 33 personas, Alberto Santill\u00e1n afirm\u00f3 que \u00abya estaba todo tan orquestado, y entre los 33 compa\u00f1eros y compa\u00f1eras que fueron detenidos, el fiscal Stornelli les imput\u00f3 15 delitos, entre ellos contra el orden constitucional amenazando con el agravante que ser\u00eda aterrorizar a la poblaci\u00f3n. Directamente los trata a los compa\u00f1eros y compa\u00f1eras de terroristas. Cuando Stornelli habla a los 33 compa\u00f1eros detenidos y detenidas, no habla de personas, claramente habla de 33 piqueteros\u00bb.<\/p>\n\n\n\n<figure class=\"wp-block-audio\"><audio controls src=\"https:\/\/fmlatribu.com\/noticias\/wp-content\/uploads\/2024\/06\/ALBERTO_04.mp3\"><\/audio><\/figure>\n\n\n\n<p><\/p>\n\n\n\n<p><strong><em>Producci\u00f3n: Charco de arena<\/em><\/strong><\/p>\n\n\n\n<p>Foto:<\/p>\n","protected":false},"excerpt":{"rendered":"<p>Hace 22 a\u00f1os fueron asesinados Dar\u00edo Santill\u00e1n y Maximiliano Kosteki en la represi\u00f3n del 25 de junio de 2002 ejecutada por la Polic\u00eda Bonaerense y cuyo m\u00e1ximo responsable pol\u00edtico fue el ex presidente Eduardo Duhalde. Hasta el momento, solo fueron condenados a prisi\u00f3n perpetua los responsables materiales, los exefectivos de la Bonaerense Alfredo Fanchiotti (excomisario) [&hellip;]<\/p>\n","protected":false},"author":4,"featured_media":56646,"comment_status":"closed","ping_status":"closed","sticky":false,"template":"","format":"standard","meta":{"footnotes":""},"categories":[438,441],"tags":[1053,1052,276,487,486],"class_list":["post-56641","post","type-post","status-publish","format-standard","has-post-thumbnail","hentry","category-politica","category-violencia-institucional","tag-alberto-santillan","tag-dario-y-maxi-2","tag-derechos-humanos","tag-junio-arde-rojo","tag-masacre-de-avellaneda"],"_links":{"self":[{"href":"https:\/\/fmlatribu.com\/noticias\/wp-json\/wp\/v2\/posts\/56641","targetHints":{"allow":["GET"]}}],"collection":[{"href":"https:\/\/fmlatribu.com\/noticias\/wp-json\/wp\/v2\/posts"}],"about":[{"href":"https:\/\/fmlatribu.com\/noticias\/wp-json\/wp\/v2\/types\/post"}],"author":[{"embeddable":true,"href":"https:\/\/fmlatribu.com\/noticias\/wp-json\/wp\/v2\/users\/4"}],"replies":[{"embeddable":true,"href":"https:\/\/fmlatribu.com\/noticias\/wp-json\/wp\/v2\/comments?post=56641"}],"version-history":[{"count":1,"href":"https:\/\/fmlatribu.com\/noticias\/wp-json\/wp\/v2\/posts\/56641\/revisions"}],"predecessor-version":[{"id":56647,"href":"https:\/\/fmlatribu.com\/noticias\/wp-json\/wp\/v2\/posts\/56641\/revisions\/56647"}],"wp:featuredmedia":[{"embeddable":true,"href":"https:\/\/fmlatribu.com\/noticias\/wp-json\/wp\/v2\/media\/56646"}],"wp:attachment":[{"href":"https:\/\/fmlatribu.com\/noticias\/wp-json\/wp\/v2\/media?parent=56641"}],"wp:term":[{"taxonomy":"category","embeddable":true,"href":"https:\/\/fmlatribu.com\/noticias\/wp-json\/wp\/v2\/categories?post=56641"},{"taxonomy":"post_tag","embeddable":true,"href":"https:\/\/fmlatribu.com\/noticias\/wp-json\/wp\/v2\/tags?post=56641"}],"curies":[{"name":"wp","href":"https:\/\/api.w.org\/{rel}","templated":true}]}}