{"id":56648,"date":"2024-06-26T15:28:08","date_gmt":"2024-06-26T15:28:08","guid":{"rendered":"https:\/\/fmlatribu.com\/noticias\/?p=56648"},"modified":"2024-07-01T14:49:43","modified_gmt":"2024-07-01T14:49:43","slug":"radio-nacional-es-una-radio-de-servicio-a-la-comunidad","status":"publish","type":"post","link":"https:\/\/fmlatribu.com\/noticias\/radio-nacional-es-una-radio-de-servicio-a-la-comunidad\/","title":{"rendered":"\u00abRadio Nacional es una radio de servicio a la comunidad\u00bb"},"content":{"rendered":"\n<p>El jueves pasado un temporal de nieve afect\u00f3 la Patagonia y espec\u00edficamente la zona de Esquel. Con la transmisi\u00f3n de Radio Nacional Esquel interrumpida por decisi\u00f3n de la gerencia de Radio Nacional Buenos Aires, no se pudo llegar a la poblaci\u00f3n con el servicio habitual en estos casos ofrece la emisora al brindar informaci\u00f3n espec\u00edfica en situaciones clim\u00e1ticas severas. No se pod\u00eda comunicar, por ejemplo, de caminos o rutas interrumpidos o, alertas de tr\u00e1nsito como medidas de precauci\u00f3n. Las y los trabajadores de Radio Nacional Esquel tuvieron que hacer una campa\u00f1a en redes sociales para lograr levantar la se\u00f1al en una transmisi\u00f3n de emergencia. Al viralizarse la campa\u00f1a la gerencia autoriz\u00f3 tan solo 3 horas para un programa especial que actualice la informaci\u00f3n de partes meteorol\u00f3gicos, entre otros servicios.<\/p>\n\n\n\n<p>Radio Nacional es una de las empresas p\u00fablicas que el gobierno de Javier Milei tiene intenci\u00f3n de privatizar y que, en la negociaci\u00f3n para la aprobaci\u00f3n de la Ley Bases en el Senado, qued\u00f3 retirada de la lista total de empresas que correr\u00edan ese destino. Adem\u00e1s, quedar\u00edan afuera Aerol\u00edneas Argentinas, Correo Argentino, y Radio y Televisi\u00f3n Argentina (RTA) que opera con la Televisi\u00f3n P\u00fablica, Radio Nacional, Canal 12 TV P\u00fablica Regional y el servicio de Radiodifusi\u00f3n Argentina al Exterior.<\/p>\n\n\n\n<p>Previo a la sesi\u00f3n en la C\u00e1mara Baja prevista para el jueves 27 de junio, en la que los diputados y diputadas del oficialismo y la oposici\u00f3n aliada al gobierno terminar\u00edan de aprobar la iniciativa del gobierno, el presidente de la C\u00e1mara de Diputados, Mart\u00edn Menem, afirm\u00f3 que el oficialismo intentar\u00e1 insistir para que el proyecto vuelva a votarse con la media sanci\u00f3n original en la que estaba la lista completa de las empresas p\u00fablicas a privatizar.<br><br>El temporal de nieve que azot\u00f3 la Patagonia la semana pasada puso en evidencia en cierta forma, el rol de las empresas p\u00fablicas en su condici\u00f3n de servicio a la poblaci\u00f3n y, al mismo tiempo la particularidad de Radio Nacional Esquel, en este caso.\u00a0<\/p>\n\n\n\n<p><br><strong>Roc\u00edo Davel, trabajadora de Radio Nacional Esquel, <\/strong>AM 560 y FM 88.7; y Secretaria General del Sindicato de Trabajadores de Prensa del Oeste del Chubut, coment\u00f3 cu\u00e1l es estado de situaci\u00f3n actual de la emisora. \u00abCreo que las 49 emisoras de todo el pa\u00eds de lunes a viernes est\u00e1n funcionando en la medida que cada emisora tenga el personal adecuado o, la cantidad de personal para poder funcionar\u00bb, afirm\u00f3. Adem\u00e1s, se\u00f1al\u00f3 que en Esquel \u00abnosotros sostenemos una programaci\u00f3n local 100% de 7 de la ma\u00f1ana a 12 de la noche de lunes a viernes con programas hechos por los propios trabajadores de Nacional Esquel. Lo \u00fanico que ha cambiado con respecto a otros a\u00f1os y, el a\u00f1o pasado en particular, es que ya no estamos presentes los fines de semana y feriados, porque Radio Nacional Buenos Aires, la gerencia de emisoras, tom\u00f3 la decisi\u00f3n de no otorgar m\u00e1s horas extra para cubrir esos d\u00edas. Por tal motivo, esos d\u00edas la radio se cierra y se conecta con Nacional Buenos Aires\u00bb.<\/p>\n\n\n\n<figure class=\"wp-block-audio\"><audio controls src=\"https:\/\/fmlatribu.com\/noticias\/wp-content\/uploads\/2024\/06\/RN_01.mp3\"><\/audio><\/figure>\n\n\n\n<p>Adem\u00e1s de la informaci\u00f3n noticiosa, \u00abRadio Nacional en todo el pa\u00eds es una radio de servicio, que va m\u00e1s all\u00e1 de su rol comunicacional o informativo, sino que tiene otra relaci\u00f3n de la que puede tener una radio privada\u00bb, coment\u00f3 <strong>Roc\u00edo Davel.<\/strong>\u00a0 Espec\u00edficamente en Esquel, \u00absomos una radio que tenemos dos frecuencias AM y FM y con la AM tenemos un alcance de 300 kil\u00f3metros aproximadamente y somos la \u00fanica AM en la regi\u00f3n que tiene esa llegada. Llagamos a poblaci\u00f3n donde en algunos lugares no hay electricidad, no hay conexi\u00f3n de internet, no hay se\u00f1al de tel\u00e9fono y lo \u00fanico que llega es la radio, el \u00fanico medio para informarse, para comunicarse. Tenemos un servicio que se llama \u00abmensajes a pobladores\u00bb, que le permite al oyente enviar un mensaje inform\u00e1ndole a un otro oyente acerca de que, por ejemplo, lo van a pasar a buscar, que tiene turno en el hospital. Radio Nacional es una radio de servicio a la comunidad, cumple un rol social m\u00e1s all\u00e1 de lo comunicativo, del compartir la informaci\u00f3n y la noticia en s\u00ed\u00bb.<\/p>\n\n\n\n<figure class=\"wp-block-audio\"><audio controls src=\"https:\/\/fmlatribu.com\/noticias\/wp-content\/uploads\/2024\/06\/RN_02.mp3\"><\/audio><\/figure>\n\n\n\n<p>Por \u00faltimo, <strong>Roc\u00edo Davel, trabajadora de Radio Nacional Esquel <\/strong>se refiri\u00f3 a lo que sucedi\u00f3 durante el fin de semana largo y que puso en evidencia la importancia de la emisora local. \u00abLo que sucedi\u00f3 este fin de semana largo cuando fue la nevada el jueves pasado y la radio estaba cerrada transmitiendo solamente Buenos Aires\u00bb, y coment\u00f3 que, \u00abfue un temporal de nieve bastante importante donde algunas rutas, ese d\u00eda todas las rutas cercanas regionales, provinciales y nacionales, se interrumpieron y donde hab\u00eda tambi\u00e9n informaci\u00f3n que ten\u00eda que ver con que no hab\u00eda servicios de colectivos y otros datos que no pudimos darlos porque no ten\u00edamos aire ese d\u00eda. Gracias a una movida que armamos con todos los compa\u00f1eros en redes sociales y hacer visible en el resto del pa\u00eds lo que estaba sucediendo a trav\u00e9s de las im\u00e1genes el d\u00eda siguiente que ten\u00edamos nieve pero no era tanto el temporal, desde Buenos Aires nos permitieron hacer 3 horas, es decir, nos dieron 3 horas extra para poder realizar un programa especial poder difundir y ayudar a la poblaci\u00f3n con la informaci\u00f3n precisa y de los organismos que est\u00e1n trabajando en este plan de contingencia en este contexto climatol\u00f3gico\u00bb.<\/p>\n\n\n\n<figure class=\"wp-block-audio\"><audio controls src=\"https:\/\/fmlatribu.com\/noticias\/wp-content\/uploads\/2024\/06\/RN_03.mp3\"><\/audio><\/figure>\n\n\n\n<p><\/p>\n\n\n\n<p><strong><em>Producci\u00f3n: Algo con erre<\/em><\/strong><\/p>\n\n\n\n<p><strong><em>Foto: Radio Kermes<\/em><\/strong><\/p>\n","protected":false},"excerpt":{"rendered":"<p>El jueves pasado un temporal de nieve afect\u00f3 la Patagonia y espec\u00edficamente la zona de Esquel. Con la transmisi\u00f3n de Radio Nacional Esquel interrumpida por decisi\u00f3n de la gerencia de Radio Nacional Buenos Aires, no se pudo llegar a la poblaci\u00f3n con el servicio habitual en estos casos ofrece la emisora al brindar informaci\u00f3n espec\u00edfica [&hellip;]<\/p>\n","protected":false},"author":4,"featured_media":56652,"comment_status":"closed","ping_status":"closed","sticky":false,"template":"","format":"standard","meta":{"footnotes":""},"categories":[438,442],"tags":[1009,930,1055,1031,1054],"class_list":["post-56648","post","type-post","status-publish","format-standard","has-post-thumbnail","hentry","category-politica","category-trabajo","tag-ley-bases","tag-medios-publicos","tag-privatizaciones","tag-radio-nacional","tag-radio-nacional-esquel"],"_links":{"self":[{"href":"https:\/\/fmlatribu.com\/noticias\/wp-json\/wp\/v2\/posts\/56648","targetHints":{"allow":["GET"]}}],"collection":[{"href":"https:\/\/fmlatribu.com\/noticias\/wp-json\/wp\/v2\/posts"}],"about":[{"href":"https:\/\/fmlatribu.com\/noticias\/wp-json\/wp\/v2\/types\/post"}],"author":[{"embeddable":true,"href":"https:\/\/fmlatribu.com\/noticias\/wp-json\/wp\/v2\/users\/4"}],"replies":[{"embeddable":true,"href":"https:\/\/fmlatribu.com\/noticias\/wp-json\/wp\/v2\/comments?post=56648"}],"version-history":[{"count":1,"href":"https:\/\/fmlatribu.com\/noticias\/wp-json\/wp\/v2\/posts\/56648\/revisions"}],"predecessor-version":[{"id":56653,"href":"https:\/\/fmlatribu.com\/noticias\/wp-json\/wp\/v2\/posts\/56648\/revisions\/56653"}],"wp:featuredmedia":[{"embeddable":true,"href":"https:\/\/fmlatribu.com\/noticias\/wp-json\/wp\/v2\/media\/56652"}],"wp:attachment":[{"href":"https:\/\/fmlatribu.com\/noticias\/wp-json\/wp\/v2\/media?parent=56648"}],"wp:term":[{"taxonomy":"category","embeddable":true,"href":"https:\/\/fmlatribu.com\/noticias\/wp-json\/wp\/v2\/categories?post=56648"},{"taxonomy":"post_tag","embeddable":true,"href":"https:\/\/fmlatribu.com\/noticias\/wp-json\/wp\/v2\/tags?post=56648"}],"curies":[{"name":"wp","href":"https:\/\/api.w.org\/{rel}","templated":true}]}}