{"id":56654,"date":"2024-06-27T14:43:52","date_gmt":"2024-06-27T14:43:52","guid":{"rendered":"https:\/\/fmlatribu.com\/noticias\/?p=56654"},"modified":"2024-07-05T17:04:11","modified_gmt":"2024-07-05T17:04:11","slug":"los-comedores-comunitarios-son-espacios-de-cuidado","status":"publish","type":"post","link":"https:\/\/fmlatribu.com\/noticias\/los-comedores-comunitarios-son-espacios-de-cuidado\/","title":{"rendered":"\u00abLos comedores comunitarios son espacios de cuidado\u00bb"},"content":{"rendered":"\n<p>En Argentina cada vez se consume menos carne, pan y leche, y el 55% de la poblaci\u00f3n es pobre. Mientras tanto, el Gobierno se niega a entregar alimentos a los comedores de las organizaciones barriales. Lejos de ser una cuesti\u00f3n individual, la malnutrici\u00f3n obedece a una situaci\u00f3n social con causas estructurales y responsables.<\/p>\n\n\n\n<p>\u00ab<em>La situaci\u00f3n de los comedores de los barrios populares de todo el pa\u00eds es muy cr\u00edtica, muchos de ellos tuvieron que cerrar por la ausencia del Estado Nacional. Lo que m\u00e1s nos preocupa a nosotros es la situaci\u00f3n nutricional de los ni\u00f1os<\/em>\u00ab, relat\u00f3 <strong>Norma Morales<\/strong>, <strong>Coordinadora <\/strong>nacional<strong> Barrios de Pie<\/strong>,  para profundizar sobre el funcionamiento actual de los comedores populares.<\/p>\n\n\n\n<figure class=\"wp-block-audio\"><audio controls src=\"https:\/\/fmlatribu.com\/noticias\/wp-content\/uploads\/2024\/06\/barrios1.mp3\"><\/audio><\/figure>\n\n\n\n<p>\u00ab<em>Tenemos listas de espera con vecinos que la est\u00e1n pasando verdaderamente mal: no comen en todo el d\u00eda, solamente toman un mate cocido. No nos da lo mismo que esas ni\u00f1eces y los adultos mayores se vayan a comer con la panza vac\u00eda. No es solo la cuesti\u00f3n alimentaria, cuando se ausenta el Estado avanza el narcotr\u00e1fico, hoy est\u00e1n m\u00e1s vivos que nunca y son un nuevo sujeto en nuestra sociedad. Y se aprovechan de esta situaci\u00f3n. Nuestras familias no pueden llegar a fin de mes y el \u00fanico lugar en donde obtienen contenci\u00f3n y respuestas es en ese mundo<\/em>\u00ab.<\/p>\n\n\n\n<figure class=\"wp-block-audio\"><audio controls src=\"https:\/\/fmlatribu.com\/noticias\/wp-content\/uploads\/2024\/06\/barrios2.mp3\"><\/audio><\/figure>\n\n\n\n<p>\u00ab<em>Son espacios de cuidado, no es solamente a trav\u00e9s de un plato de comida que cuidamos a la comunidad. Nos vienen a tocar la puerta en situaciones de violencia de g\u00e9nero, tambi\u00e9n acompa\u00f1amos a las juventudes que hoy se ven desamparadas por la falta de trabajo. Son espacios de contenci\u00f3n, de abrazo y donde tambi\u00e9n los alimentamos<\/em>\u00ab, destac\u00f3 <strong>Morales<\/strong>.<\/p>\n\n\n\n<p>Luego de la intimaci\u00f3n del juez Casanello a Capital humano para presentar un plan de distribuci\u00f3n de alimentos Morales sostiene que no han sido llamados para recibir las leches y alimentos que estaban por vencerse.<\/p>\n\n\n\n<p>\u00ab<em>La Fundaci\u00f3n Conin&#8230; Ni si quiera ha sonado mi tel\u00e9fono<\/em>\u00ab, finaliz\u00f3 <strong>Morales<\/strong>.<\/p>\n\n\n\n<p><\/p>\n\n\n\n<p>Producci\u00f3n: Eso que falta<br>Foto: @barriosdepieok<\/p>\n","protected":false},"excerpt":{"rendered":"<p>En Argentina cada vez se consume menos carne, pan y leche, y el 55% de la poblaci\u00f3n es pobre. Mientras tanto, el Gobierno se niega a entregar alimentos a los comedores de las organizaciones barriales. Lejos de ser una cuesti\u00f3n individual, la malnutrici\u00f3n obedece a una situaci\u00f3n social con causas estructurales y responsables. \u00abLa situaci\u00f3n [&hellip;]<\/p>\n","protected":false},"author":4,"featured_media":56657,"comment_status":"closed","ping_status":"closed","sticky":false,"template":"","format":"standard","meta":{"footnotes":""},"categories":[438,442],"tags":[1020,1057],"class_list":["post-56654","post","type-post","status-publish","format-standard","has-post-thumbnail","hentry","category-politica","category-trabajo","tag-barrios-de-pie","tag-comedores"],"_links":{"self":[{"href":"https:\/\/fmlatribu.com\/noticias\/wp-json\/wp\/v2\/posts\/56654","targetHints":{"allow":["GET"]}}],"collection":[{"href":"https:\/\/fmlatribu.com\/noticias\/wp-json\/wp\/v2\/posts"}],"about":[{"href":"https:\/\/fmlatribu.com\/noticias\/wp-json\/wp\/v2\/types\/post"}],"author":[{"embeddable":true,"href":"https:\/\/fmlatribu.com\/noticias\/wp-json\/wp\/v2\/users\/4"}],"replies":[{"embeddable":true,"href":"https:\/\/fmlatribu.com\/noticias\/wp-json\/wp\/v2\/comments?post=56654"}],"version-history":[{"count":1,"href":"https:\/\/fmlatribu.com\/noticias\/wp-json\/wp\/v2\/posts\/56654\/revisions"}],"predecessor-version":[{"id":56658,"href":"https:\/\/fmlatribu.com\/noticias\/wp-json\/wp\/v2\/posts\/56654\/revisions\/56658"}],"wp:featuredmedia":[{"embeddable":true,"href":"https:\/\/fmlatribu.com\/noticias\/wp-json\/wp\/v2\/media\/56657"}],"wp:attachment":[{"href":"https:\/\/fmlatribu.com\/noticias\/wp-json\/wp\/v2\/media?parent=56654"}],"wp:term":[{"taxonomy":"category","embeddable":true,"href":"https:\/\/fmlatribu.com\/noticias\/wp-json\/wp\/v2\/categories?post=56654"},{"taxonomy":"post_tag","embeddable":true,"href":"https:\/\/fmlatribu.com\/noticias\/wp-json\/wp\/v2\/tags?post=56654"}],"curies":[{"name":"wp","href":"https:\/\/api.w.org\/{rel}","templated":true}]}}