{"id":56660,"date":"2024-06-28T15:33:09","date_gmt":"2024-06-28T15:33:09","guid":{"rendered":"https:\/\/fmlatribu.com\/noticias\/?p=56660"},"modified":"2024-07-10T16:52:42","modified_gmt":"2024-07-10T16:52:42","slug":"la-legislatura-portena-le-aprobo-a-macri-la-ley-de-reiterancia","status":"publish","type":"post","link":"https:\/\/fmlatribu.com\/noticias\/la-legislatura-portena-le-aprobo-a-macri-la-ley-de-reiterancia\/","title":{"rendered":"La Legislatura porte\u00f1a le aprob\u00f3 a Macri la \u00abLey de Reiterancia\u00bb."},"content":{"rendered":"\n<p>La Legislatura de la Ciudad de Buenos Aires aprob\u00f3 la Ley de Reiterancia. La iniciativa fue impulsada por el oficialismo y obtuvo 36 votos a favor y 21 en contra, por parte de los bloques de Uni\u00f3n por la Patria y el Frente de Izquierda de lxs Trabajadorxs. La normativa introduce modificaciones al C\u00f3digo Procesal Penal porte\u00f1o, incluyendo la figura de \u00abreiterancia delictiva\u00bb que permite dictar prisiones preventivas a personas sin condena firme.<\/p>\n\n\n\n<p><strong>Celeste Fierro es legisladora porte\u00f1a por el MST-FIT<\/strong> y afirm\u00f3 que \u00abme parece importante marcar es que hacen esta presentaci\u00f3n del proyecto con el objetivo, supuestamente, del Gobierno de la Ciudad de Jorge Macri para que sea una herramienta contra el delito, la inseguridad y la han promocionado de esa manera, pero desde que asumi\u00f3 este gobierno el objetivo ha estado en lo que ellos hablan de \u00abel orden\u00bb. Lo dijo el propio Jorge Macri, que es una ley antipiquete, lo escuchamos el d\u00eda viernes de la semana pasada despu\u00e9s de la represi\u00f3n y las detenciones en Congreso durante la movilizaci\u00f3n contra la Ley Bases\u00bb.<\/p>\n\n\n\n<figure class=\"wp-block-audio\"><audio controls src=\"https:\/\/fmlatribu.com\/noticias\/wp-content\/uploads\/2024\/06\/FIERRO_01.mp3\"><\/audio><\/figure>\n\n\n\n<p>La legisladora del MST-FIT afirm\u00f3 que esta ley \u00ablo que busca es cercenar el derecho a la protesta y es directamente, intentar meter presos a quienes ellos definen como delincuentes. Lo que est\u00e1n violando es un derecho elemental, que es el principio de inocencia, donde ahora todos vamos a ser culpables hasta que se demuestre lo contrario en hechos que ellos marcan que son aquellos que se den como da\u00f1os a las personas o a la propiedad. Yo lo enmarco en la protesta porque es lo que niegan pero a su vez, es lo que quieren aplicar\u00bb.<\/p>\n\n\n\n<figure class=\"wp-block-audio\"><audio controls src=\"https:\/\/fmlatribu.com\/noticias\/wp-content\/uploads\/2024\/06\/FIERRO_02.mp3\"><\/audio><\/figure>\n\n\n\n<p><strong>Celeste Fierro<\/strong> advirti\u00f3 que \u00abcompa\u00f1eros o compa\u00f1eras que tienen causas abiertas\u00bb, por ejemplo, se les \u00abrecorte el derecho a poder seguir organiz\u00e1ndose, saliendo a protestar. Insisto, en otras jurisdicciones esto existe, y de hecho, hasta con una infracci\u00f3n de tr\u00e1nsito se les imputa y que se ha intentado mantener en prisi\u00f3n preventiva a compa\u00f1eros y compa\u00f1eras que son dirigentes sociales, pol\u00edticos, sindicales opositores al r\u00e9gimen de turno\u00bb. Por \u00faltimo, la legisladora afirmo que \u00abuna de las cinco modificaciones que se plantea es por ejemplo, avanzar en la informaci\u00f3n a migraciones cuando hay un juicio a personas migrantes, lo que habilita y facilita hasta la deportaci\u00f3n\u00bb.<\/p>\n\n\n\n<figure class=\"wp-block-audio\"><audio controls src=\"https:\/\/fmlatribu.com\/noticias\/wp-content\/uploads\/2024\/06\/FIERRO_03.mp3\"><\/audio><\/figure>\n\n\n\n<p><\/p>\n\n\n\n<p><strong>Producci\u00f3n: Eso que falta<\/strong><\/p>\n","protected":false},"excerpt":{"rendered":"<p>La Legislatura de la Ciudad de Buenos Aires aprob\u00f3 la Ley de Reiterancia. La iniciativa fue impulsada por el oficialismo y obtuvo 36 votos a favor y 21 en contra, por parte de los bloques de Uni\u00f3n por la Patria y el Frente de Izquierda de lxs Trabajadorxs. La normativa introduce modificaciones al C\u00f3digo Procesal [&hellip;]<\/p>\n","protected":false},"author":4,"featured_media":56664,"comment_status":"closed","ping_status":"closed","sticky":false,"template":"","format":"standard","meta":{"footnotes":""},"categories":[438],"tags":[1058,1059],"class_list":["post-56660","post","type-post","status-publish","format-standard","has-post-thumbnail","hentry","category-politica","tag-derecho-a-la-protesta","tag-ley-de-reiterancia"],"_links":{"self":[{"href":"https:\/\/fmlatribu.com\/noticias\/wp-json\/wp\/v2\/posts\/56660","targetHints":{"allow":["GET"]}}],"collection":[{"href":"https:\/\/fmlatribu.com\/noticias\/wp-json\/wp\/v2\/posts"}],"about":[{"href":"https:\/\/fmlatribu.com\/noticias\/wp-json\/wp\/v2\/types\/post"}],"author":[{"embeddable":true,"href":"https:\/\/fmlatribu.com\/noticias\/wp-json\/wp\/v2\/users\/4"}],"replies":[{"embeddable":true,"href":"https:\/\/fmlatribu.com\/noticias\/wp-json\/wp\/v2\/comments?post=56660"}],"version-history":[{"count":1,"href":"https:\/\/fmlatribu.com\/noticias\/wp-json\/wp\/v2\/posts\/56660\/revisions"}],"predecessor-version":[{"id":56665,"href":"https:\/\/fmlatribu.com\/noticias\/wp-json\/wp\/v2\/posts\/56660\/revisions\/56665"}],"wp:featuredmedia":[{"embeddable":true,"href":"https:\/\/fmlatribu.com\/noticias\/wp-json\/wp\/v2\/media\/56664"}],"wp:attachment":[{"href":"https:\/\/fmlatribu.com\/noticias\/wp-json\/wp\/v2\/media?parent=56660"}],"wp:term":[{"taxonomy":"category","embeddable":true,"href":"https:\/\/fmlatribu.com\/noticias\/wp-json\/wp\/v2\/categories?post=56660"},{"taxonomy":"post_tag","embeddable":true,"href":"https:\/\/fmlatribu.com\/noticias\/wp-json\/wp\/v2\/tags?post=56660"}],"curies":[{"name":"wp","href":"https:\/\/api.w.org\/{rel}","templated":true}]}}