{"id":56766,"date":"2008-10-21T23:13:00","date_gmt":"2008-10-21T23:13:00","guid":{"rendered":"https:\/\/fmlatribu.com\/noticias\/?p=56766"},"modified":"2024-07-21T23:31:03","modified_gmt":"2024-07-21T23:31:03","slug":"la-television-no-lo-filma","status":"publish","type":"post","link":"https:\/\/fmlatribu.com\/noticias\/la-television-no-lo-filma\/","title":{"rendered":"\u00abLa televisi\u00f3n no lo filma\u00bb"},"content":{"rendered":"\n<p><strong><a href=\"http:\/\/www.zemos98.org\/\" target=\"_blank\" rel=\"noreferrer noopener\">Zemos98<\/a> &#8211; Editores &#8211; Octubre de 2008<\/strong><\/p>\n\n\n\n<p>Se acab\u00f3. Pensar en una TV que realice o pueda realizar un servicio positivo a los objetivos de democratizaci\u00f3n del espacio social es ponerle una vela al aparato de control, poder y desarme ciudadano que m\u00e1s poderosa y terriblemente esquilma en nuestros d\u00edas el tejido social y evapora en \u00e9l toda posibilidad de trabajar por un proyecto de democratizaci\u00f3n concreta, el dispositivo que m\u00e1s san grantemente estrangula cualquier posibilidad de comunicaci\u00f3n aut\u00e9ntica en el espacio p\u00fablico. La pregunta de &#8216;qu\u00e9 acci\u00f3n es posible en la esfera p\u00fablica&#8217; no tiene respuesta en el \u00e1mbito de la TV -como no sea: anti-TV, micro-TV, TV no guiada por la ley que define a la TV, la ley de la audiencia. Bajo su gobierno, bajo el gobierno de esa ley, la TV no crece ni puede crecer sino como instrumento de control y degradaci\u00f3n de la experiencia, como dispositivo de aculturaci\u00f3n brutal, como aparato productor de masa ciudadana inerte, negador de toda socialidad. Ning\u00fan otro canto por tanto, para cualquier mirada cr\u00edtica, que el de &#8216;no m\u00e1s tv&#8217;. O lo que es lo mismo: apostemos por una contra-tv, por una anti-tv, por una micro-tv que practique la diseminaci\u00f3n proliferante de los microdispositivos de la interacci\u00f3n p\u00fablica, de las peque\u00f1as unidades de acci\u00f3n comunicativa. Segmentar, micronizar, cortar y dispersar siempre, all\u00e1 donde la gran m\u00e1quina del capital globaliza, produce imperio, masa humana adormecida. Cualquier ilusi\u00f3n universalista en la producci\u00f3n del dominio p\u00fablico, de la Comunidad Ideal de Comunicaci\u00f3n, de la Raz\u00f3n P\u00fablica, no viene sino a sacrificarle al populismo demag\u00f3gico de la universalidad del acceso el propio ejercicio intensivo de la experiencia. No hay pol\u00edtica -sino demagogia- all\u00e1 donde se sacrifica lo intensivo a la cantidad. No, no m\u00e1s TV. <\/p>\n\n\n\n<p><em>La televisi\u00f3n no lo filma<\/em> es una relaci\u00f3n de ensayos, entrevistas y conversaciones producida por el colectivo Zemos98 en torno a la televisi\u00f3n como espacio de intervenci\u00f3n, di\u00e1logo y comunicaci\u00f3n.<\/p>\n\n\n\n<p><em>Una Revoluci\u00f3n a la vuelta de la esquina<\/em>, por Miguel Brieva.<\/p>\n\n\n\n<p><em>Pr\u00f3logo<\/em>, por Mar Villaespesa.<\/p>\n\n\n\n<p><em>PAIK TV. Homenaje a un mongol visionario<\/em>, por Laura Baigorri.<\/p>\n\n\n\n<p><em>Eugeni Bonet: compartir la duda.<\/em> Una entrevista por Antonio Orihuela.<\/p>\n\n\n\n<p><em>Todos nuestros d\u00edas del ma\u00f1ana<\/em>, por Alan Dunn.<\/p>\n\n\n\n<p><em>Reclaim the Spectrum<\/em>, por Jos\u00e9 Luis de Vicente.<\/p>\n\n\n\n<p><em>REDTV, una nueva plaza p\u00fablica<\/em>, por Josevi Soria.<\/p>\n\n\n\n<p><em>TV comunitaria, algunas reflexiones para el debate<\/em>, por Grupo Alav\u00edo.<\/p>\n\n\n\n<p><em>\u00abLa televisi\u00f3n es una apariencia de humanizaci\u00f3n<\/em>\u00ab, conversaci\u00f3n entre Carles Ameller y Leo Mart\u00edn.<\/p>\n\n\n\n<p><em>Una televisi\u00f3n que manipula, una televisi\u00f3n que educa. Algunas notas sobre televisi\u00f3n e infancia<\/em>, por Beatriz Rodr\u00edguez P\u00e9rez.<\/p>\n\n\n\n<p><em>\u00abOtra televisi\u00f3n es posible si pensamos en algo que no es televisi\u00f3n\u00bb. <\/em>Fragmentos de una conversaci\u00f3n con Fran Illich.<\/p>\n\n\n\n<p><em>Internet, el canal del telespectador<\/em>, por Eva Sanagust\u00edn.<\/p>\n\n\n\n<p><em>La televisi\u00f3n es personal<\/em>, por Juan Varela.<\/p>\n\n\n\n<p><em>Prod\u00facete a ti mismo! Televisi\u00f3n, internet y la emergencia de la cultura de clip,<\/em> por Antoni Roig.<\/p>\n\n\n\n<p><em>\u00abHay que luchar contra la hegemon\u00eda de lo visual para ganar tiempo\u00bb. <\/em>Entrevista a Chiu Longina, por Pedro Jim\u00e9nez.<\/p>\n\n\n\n<p><em>La televisi\u00f3n no lo filma. El Corsal Desastre.<\/em><\/p>\n\n\n\n<p><a href=\"https:\/\/fmlatribu.com\/noticias\/wp-content\/uploads\/2024\/07\/COM_grafica-TV-espacio_08la-tv-no.pdf\">Descargar PDF<\/a><\/p>\n","protected":false},"excerpt":{"rendered":"<p>Zemos98 &#8211; Editores &#8211; Octubre de 2008 Se acab\u00f3. Pensar en una TV que realice o pueda realizar un servicio positivo a los objetivos de democratizaci\u00f3n del espacio social es ponerle una vela al aparato de control, poder y desarme ciudadano que m\u00e1s poderosa y terriblemente esquilma en nuestros d\u00edas el tejido social y evapora [&hellip;]<\/p>\n","protected":false},"author":3,"featured_media":56767,"comment_status":"closed","ping_status":"closed","sticky":false,"template":"","format":"standard","meta":{"footnotes":""},"categories":[909,911],"tags":[],"class_list":["post-56766","post","type-post","status-publish","format-standard","has-post-thumbnail","hentry","category-vlr","category-vlr-medioscomunicacion"],"_links":{"self":[{"href":"https:\/\/fmlatribu.com\/noticias\/wp-json\/wp\/v2\/posts\/56766","targetHints":{"allow":["GET"]}}],"collection":[{"href":"https:\/\/fmlatribu.com\/noticias\/wp-json\/wp\/v2\/posts"}],"about":[{"href":"https:\/\/fmlatribu.com\/noticias\/wp-json\/wp\/v2\/types\/post"}],"author":[{"embeddable":true,"href":"https:\/\/fmlatribu.com\/noticias\/wp-json\/wp\/v2\/users\/3"}],"replies":[{"embeddable":true,"href":"https:\/\/fmlatribu.com\/noticias\/wp-json\/wp\/v2\/comments?post=56766"}],"version-history":[{"count":3,"href":"https:\/\/fmlatribu.com\/noticias\/wp-json\/wp\/v2\/posts\/56766\/revisions"}],"predecessor-version":[{"id":56772,"href":"https:\/\/fmlatribu.com\/noticias\/wp-json\/wp\/v2\/posts\/56766\/revisions\/56772"}],"wp:featuredmedia":[{"embeddable":true,"href":"https:\/\/fmlatribu.com\/noticias\/wp-json\/wp\/v2\/media\/56767"}],"wp:attachment":[{"href":"https:\/\/fmlatribu.com\/noticias\/wp-json\/wp\/v2\/media?parent=56766"}],"wp:term":[{"taxonomy":"category","embeddable":true,"href":"https:\/\/fmlatribu.com\/noticias\/wp-json\/wp\/v2\/categories?post=56766"},{"taxonomy":"post_tag","embeddable":true,"href":"https:\/\/fmlatribu.com\/noticias\/wp-json\/wp\/v2\/tags?post=56766"}],"curies":[{"name":"wp","href":"https:\/\/api.w.org\/{rel}","templated":true}]}}