{"id":56811,"date":"2007-06-15T02:32:00","date_gmt":"2007-06-15T02:32:00","guid":{"rendered":"https:\/\/fmlatribu.com\/noticias\/?p=56811"},"modified":"2024-07-23T02:47:55","modified_gmt":"2024-07-23T02:47:55","slug":"algo-sucede-en-el-paraiso","status":"publish","type":"post","link":"https:\/\/fmlatribu.com\/noticias\/algo-sucede-en-el-paraiso\/","title":{"rendered":"Algo sucede en el para\u00edso"},"content":{"rendered":"\n<p><em><strong>Ximena Tordini y Gast\u00f3n Montells &#8211; Colectivo La Tribu &#8211; 15 de junio de 2007<\/strong><\/em><\/p>\n\n\n\n<p>\u00abAqu\u00ed han trabajado colectivos diversos, roces, din\u00e1micas, aciertos, creaciones. Las radios comunitarias que tenemos tantos a\u00f1os somos sitios en los que se pueden ver los procesos de cambio que ha experimentado Am\u00e9rica Latina.\u00bb Lo dice Cristi\u00e1n Z\u00fa\u00f1iga, integrante de Radio Placeres, mientras su voz es tomada por un peque\u00f1o grabador, de esos que funcionan a pilas y registran en casete, aunque est\u00e9 parado en un estudio de grabaci\u00f3n, de esos que tienen micr\u00f3fonos, consola y todo tipo de aparatos digitales. Rarezas de las radios comunitarias.<\/p>\n\n\n\n<p><strong><a href=\"https:\/\/www.instagram.com\/radio.placeres\/\" target=\"_blank\" rel=\"noreferrer noopener\">Radio Placeres<\/a><\/strong> fue fundada en 1989 por militantes relacionados con el Movimiento de Izquierda Revolucionaria chileno. El MIR se cre\u00f3 en 1965 por la confluencia de grupos trotskistas, marxistas y anarquistas para llevar adelante la insurrecci\u00f3n popular armada contra el r\u00e9gimen capitalista. Con el triunfo electoral de la Uni\u00f3n Popular que llev\u00f3 a Salvador Allende a la presidencia en 1970, el movimiento suspendi\u00f3 la confrontaci\u00f3n armada para apoyar al gobierno socialista. En 1973, el golpe comandado por Pinochet arrastr\u00f3 a los dirigentes del MIR al exilio, la c\u00e1rcel, la desaparici\u00f3n o la muerte y a la organizaci\u00f3n a la clandestinidad y al retorno a la confrontaci\u00f3n directa. En 1997, el MIR abandon\u00f3 definitivamente la lucha armada.<\/p>\n\n\n\n<p>En ese mismo a\u00f1o, Cristian Z\u00fa\u00f1iga comenz\u00f3 a participar en Radio Placeres y hoy, 10 a\u00f1os despu\u00e9s, nos cuenta: \u00abLa radio naci\u00f3 en el cerro Los Placeres en el momento en el que estaba terminando la dictadura militar. El proyecto nace de un colectivo de izquierda que en ese momento decidi\u00f3 politizar un medio de comunicaci\u00f3n porque era necesario hacerlo.\u00bb Hacia 1995, el impulso inicial se hab\u00eda transformado \u00aben una asamblea donde converg\u00edan trotskistas, anarquistas, comunistas; una diversidad de grupos pol\u00edticos, a los que se van integrando grupos culturales, contraculturales, como punks y hip-hoperos, las llamadas tribus urbanas propias de los noventa.\u00bb<\/p>\n\n\n\n<p>Por ese entonces, era \u00abun proyecto que funcionaba, m\u00e1s que como radio, como una escuela pol\u00edtica, una escuela donde en las asambleas se debatia y se conoc\u00edan las realidades de Chiapas, de Cuba, del neoliberalismo. Como un centro cultural m\u00e1s que como radio, la radio era s\u00f3lo un elemento del centro cultural. Por lo tanto, el medio no era tan potenciado en si, sino que las discusiones y el trabajo territorial eran lo principal.\u00bb<\/p>\n\n\n\n<p>Radio Placeres construy\u00f3 sus inicios como algo que parece excepcional: la posibilidad de que grupos de izquierda diversos confluyan, m\u00e1s all\u00e1 de los \u00abistas\u00bb que suelen separarlos, en un espacio concreto y transformador. Un espacio pol\u00edtico en donde distintas tradiciones se encontraron en una ciudad con un nombre demasiado prometedor.<\/p>\n\n\n\n<p>Valpara\u00edso es un puerto que se llamaba Bah\u00eda de Quintil, hasta que lleg\u00f3 Juan de Saavedra, uno de los \u00abconquistadores\u00bb, y cambi\u00f3 el nombre original para homenajear a su pueblo natal: Valpara\u00edso de Arriba en Cuenca, Espa\u00f1a.<\/p>\n\n\n\n<p>En Valpara\u00edso hay un cerro llamado Los Placeres. Dicen que se llamaba \u00abplaceres\u00bb a los socavones de oro que hab\u00eda en ese cerro y que de all\u00e1 el nombre del cerro, pero no de la radio que precisamente por falta de bienes como \u00e9ste que abundaba anteriomente en sus cercan\u00edas, tuvo que dejar de transmitir en 2002.<\/p>\n\n\n\n<p>\u00abLamentablemente esta forma de trabajo, y lo digo con mucha pena, fracas\u00f3 all\u00e1 por el a\u00f1o 2002 porque hubo una baja en lo econ\u00f3mico del colectivo, no pudimos seguir sosteniendo la casa en la que est\u00e1bamos. Tambi\u00e9n tuvimos diferencias entre nosotros. Dejamos de transmitir un a\u00f1o. Un a\u00f1o en el que estuvimos en reflexi\u00f3n, en conversaci\u00f3n sin estar al aire.\u00bb<\/p>\n\n\n\n<p>Un a\u00f1o de conversaciones y una nueva hip\u00f3tesis: \u00abnuestra ciudad, nuestra comunidad necesitaba un medio de comunicaci\u00f3n m\u00e1s que un trabajo territorial, y pol\u00edtico- ideol\u00f3gico. Es por eso que en 2003 sale nuevamente Radio Placeres como un medio de comunicaci\u00f3n, nosotros decimos como un meg\u00e1fono para la ciudadan\u00eda.\u00bb<\/p>\n\n\n\n<p>Cuatro a\u00f1os despu\u00e9s del inicio de esta nueva etapa, la radio tiene veinte programas en el aire. \u00abLa defensa y promoci\u00f3n de los derechos humanos, la paridad de g\u00e9nero, el rechazo hacia cualquier forma de discriminaci\u00f3n racial o sexual, la posibilidad de informar y opinar desde la independencia econ\u00f3mica y el compromiso con la difusi\u00f3n de la m\u00fasica local y no comercial son algunos de los aspectos musicales y de contenido m\u00e1s significativos dentro de nuestra propuesta.\u00bb<\/p>\n\n\n\n<p>Entonces, \u00bfqu\u00e9 podemos esperar al escuchar Radio Placeres? \u00abIrreverencia. Ganas de crear todo de cero, cuestion\u00e1ndolo todo. Incluso eso en t\u00e9rminos pol\u00edticos muchas veces nos trae alguna dificultad. Por ejemplo, tenemos al aire una cu\u00f1a que dice\u00a0<em>El Mercurio miente, la Tercera inventa. Radio Placeres las dos cosas.<\/em>\u00a0Intentamos burlarnos un poco, hasta de nosotros mismos. Intentando generar procesos creativos, procesos de creatividad. Yo creo que esa es la marca, tratar de romper con todo, mucha poes\u00eda, mucho juego. Nos interesa ir en ese sentido creando, construyendo y tambi\u00e9n llevando al l\u00edmite ciertos conservadurismos y fundamentalismos que existen a nuestro alrededor. Generando un proceso constante de renovaci\u00f3n, cambio, risa y rock and roll.\u00bb<\/p>\n\n\n\n<p>Y vuelve entonces a la charla la idea inicial: c\u00f3mo ver en la experiencia particular de una radio comunitaria las trayectorias propias de la izquierda cultural en Am\u00e9rica Latina. En el recorrido de Radio Placeres podemos encontrar la aparici\u00f3n, dentro del espacio de la izquierda, de las ideas que ampl\u00edan el campo de \u00ablo pol\u00edtico\u00bb. Lo pol\u00edtico deja de ser entonces el momento puramente confrontativo -y final- para desplegarse en m\u00faltiples estrategias de transformaci\u00f3n que se dan en espacios superpuestos, en situaciones concretas. En un principio, estas nuevas trayectorias pueden aparecer como una negaci\u00f3n a \u00abla vieja forma de hacer pol\u00edtica\u00bb. Pero muchas veces, el recorrido vuelve a encontrarse con una mirada renovada sobre la lucha social. Las pr\u00e1cticas m\u00e1s inteligentes y sensibles asumen la tradici\u00f3n y la proyectan hacia el futuro.<\/p>\n\n\n\n<p>\u00abNosotros ahora trabajamos con organizaciones sociales, culturales y pol\u00edticas. Somos un medio que se vincula muy fuerte a la contracultura y se vincula muy fuerte a los nuevos movimientos ciudadanos que hoy en Chile han remplazado a los movimientos pol\u00edticos tradicionales. Nos hab\u00edamos distanciado un poco de la pol\u00edtica en sentido cl\u00e1sico, pero en el \u00faltimo a\u00f1o, nuevamente hemos reavivado ese aspecto, centr\u00e1ndonos sobre todo en la discusi\u00f3n comunicacional, y todo lo que se est\u00e1 entendiendo en torno a la lucha por la comunicaci\u00f3n que en Chile es un tremendo tema por el monopolio existente.\u00bb<\/p>\n\n\n\n<p>La charla sucede en Buenos Aires, s\u00e1bado a la tarde, un poco de fr\u00f3o, en un rato que deja un taller que se comparte con argentinos, uruguayos, paraguayos y otros chilenos y otra ciudad, Valpara\u00edso, aparece en la charla. \u00abEs una ciudad que todav\u00eda mantiene la tradici\u00f3n de puerto antiguo, una ciudad m\u00e1s tranquila, solidaria, donde hay compa\u00f1erismo y mucha bohemia. Una ciudad muy loca, bohemia y loca.\u00bb La locura y la bohemia vienen teniendo algunos triunfos, un movimiento de ciudadanos est\u00e1 logrando frenar la construcci\u00f3n de edificios de gran altura y de centros comerciales y dicen por ah\u00ed que Valpara\u00edso se ha declarado \u00abterritorio libre de Mc Donald&#8217;s\u00bb. \u00abValpara\u00edso tiene un tradici\u00f3n anarquista muy fuerte y que ha fortalecido nuestra radio porque hay costumbres y hay tradiciones que vienen desde esa escuela. Hay mucha gente que tiene un pensamiento bien libertario.\u00bb Y su afirmaci\u00f3n se encuentra con la de Andr\u00e9s Brignardello, autor de la investigaci\u00f3n\u00a0<em>Valpara\u00edso anarquista<\/em>, en la que sit\u00faa a Radio Placeres en esta tradici\u00f3n: \u00abLa considero una experiencia libertaria porque recoge la herencia de los movimientos anarquistas y libertarios, la Placeres es una radio autogestionada. Siento que lo que transmite la Placeres es un germen permanente de cr\u00edtica, de cooperaci\u00f3n en la ciudad, de apertura a los movimientos nuevos que caen en las ideas \u00e1cratas. Hay una similitud tremenda entre esto que hacen hoy con lo que se constru\u00eda en t\u00e9rminos comunicacionales por parte de los libertarios de comienzos del siglo pasado.\u00bb El autor se refiere a los grupos de anarquistas que inventaron el coraz\u00f3n de las luchas sociales a partir de las ideas que viajaban en barco.<\/p>\n\n\n\n<p>Ideas \u00e1cratas que fueron las de trabajadores y trabajadoras, en los a\u00f1os previos a que se extendieran las ideas marxistas y se institucionalizaran los sindicatos.<\/p>\n\n\n\n<p>Casi un siglo despu\u00e9s, los anarquistas participaron en la creaci\u00f3n del MIR, y algunos integrantes del MIR crearon Radio Placeres, y hombres y mujeres pasaron por all\u00e1 creando cada d\u00eda una radio, o un meg\u00e1fono, o una irreverencia que ataca la concentraci\u00f3n del poder de comunicar. Y hoy ya el MIR no es lo que fue, ni el movimiento anarquista, ni la lucha de clases, ni queda oro tampoco. Pero las ideas viajan, aunque ya no en barco, y dif\u00edcilmente se detengan. Y cuando alguien, un hombre, una mujer, sabe, porque de un segundo de saber se trata, que no est\u00e1 dispuesto a tolerar el ejercicio de ning\u00fan dominio, algo mucho mejor puede suceder.<\/p>\n\n\n\n<p>Algo sucede en la carcajada, algo sucede en la indignaci\u00f3n. Y all\u00e1 est\u00e1 Radio Placeres para hacerle un lugar radiof\u00f3nico a ese suceso.<\/p>\n\n\n\n<p>Radio Placeres se puede escuchar en el 87.7 si viv\u00eds en Valpara\u00edso, en\u00a0<a href=\"http:\/\/www.radioplaceres.cl\/\">www.radioplaceres.cl<\/a>\u00a0si viv\u00eds en otro lugar del mundo.<\/p>\n","protected":false},"excerpt":{"rendered":"<p>Ximena Tordini y Gast\u00f3n Montells &#8211; Colectivo La Tribu &#8211; 15 de junio de 2007 \u00abAqu\u00ed han trabajado colectivos diversos, roces, din\u00e1micas, aciertos, creaciones. Las radios comunitarias que tenemos tantos a\u00f1os somos sitios en los que se pueden ver los procesos de cambio que ha experimentado Am\u00e9rica Latina.\u00bb Lo dice Cristi\u00e1n Z\u00fa\u00f1iga, integrante de Radio [&hellip;]<\/p>\n","protected":false},"author":3,"featured_media":56812,"comment_status":"closed","ping_status":"closed","sticky":false,"template":"","format":"standard","meta":{"footnotes":""},"categories":[909,910],"tags":[],"class_list":["post-56811","post","type-post","status-publish","format-standard","has-post-thumbnail","hentry","category-vlr","category-vlr-gestionradioscomunitarias"],"_links":{"self":[{"href":"https:\/\/fmlatribu.com\/noticias\/wp-json\/wp\/v2\/posts\/56811","targetHints":{"allow":["GET"]}}],"collection":[{"href":"https:\/\/fmlatribu.com\/noticias\/wp-json\/wp\/v2\/posts"}],"about":[{"href":"https:\/\/fmlatribu.com\/noticias\/wp-json\/wp\/v2\/types\/post"}],"author":[{"embeddable":true,"href":"https:\/\/fmlatribu.com\/noticias\/wp-json\/wp\/v2\/users\/3"}],"replies":[{"embeddable":true,"href":"https:\/\/fmlatribu.com\/noticias\/wp-json\/wp\/v2\/comments?post=56811"}],"version-history":[{"count":5,"href":"https:\/\/fmlatribu.com\/noticias\/wp-json\/wp\/v2\/posts\/56811\/revisions"}],"predecessor-version":[{"id":56818,"href":"https:\/\/fmlatribu.com\/noticias\/wp-json\/wp\/v2\/posts\/56811\/revisions\/56818"}],"wp:featuredmedia":[{"embeddable":true,"href":"https:\/\/fmlatribu.com\/noticias\/wp-json\/wp\/v2\/media\/56812"}],"wp:attachment":[{"href":"https:\/\/fmlatribu.com\/noticias\/wp-json\/wp\/v2\/media?parent=56811"}],"wp:term":[{"taxonomy":"category","embeddable":true,"href":"https:\/\/fmlatribu.com\/noticias\/wp-json\/wp\/v2\/categories?post=56811"},{"taxonomy":"post_tag","embeddable":true,"href":"https:\/\/fmlatribu.com\/noticias\/wp-json\/wp\/v2\/tags?post=56811"}],"curies":[{"name":"wp","href":"https:\/\/api.w.org\/{rel}","templated":true}]}}