{"id":57020,"date":"2008-10-09T23:33:00","date_gmt":"2008-10-09T23:33:00","guid":{"rendered":"https:\/\/fmlatribu.com\/noticias\/?p=57020"},"modified":"2024-08-09T23:38:44","modified_gmt":"2024-08-09T23:38:44","slug":"atrapasuenos-la-sostenibilidad-en-las-radios-populares-y-comunitarias","status":"publish","type":"post","link":"https:\/\/fmlatribu.com\/noticias\/atrapasuenos-la-sostenibilidad-en-las-radios-populares-y-comunitarias\/","title":{"rendered":"Atrapasue\u00f1os: La sostenibilidad en las radios populares y comunitarias"},"content":{"rendered":"\n<h4 class=\"wp-block-heading\">Ritmo Sur (editores) &#8211; Autores\/as varios\/as &#8211; Octubre de 2008<\/h4>\n\n\n\n<p><a href=\"http:\/\/alc.amarc.org\/index.php?p=home&amp;l=ES\" target=\"_blank\" rel=\"noreferrer noopener\">AMARC ALC<\/a>\u00a0y\u00a0<a href=\"http:\/\/www.aler.org\/\" target=\"_blank\" rel=\"noreferrer noopener\">ALER<\/a>\u00a0editaron en conjunto este material que se propone brindar perspectivas y herramientas para abordar la sostenibilidad de los proyectos radiof\u00f3nicos as\u00ed como sistematizar algunas experiencias actuales en la regi\u00f3n latinoamericana.<\/p>\n\n\n\n<p>\u00abSe trata, en la perspectiva de las dos asociaciones, de una sostenibilidad que va m\u00e1s all\u00e1 del \u00e1mbito exclusivamente econ\u00f3mico y representa la plataforma que permite la permanencia y fortalecimiento de las radios en el continente. Trabajar en la perspectiva de la sostenibilidad econ\u00f3mica es una condici\u00f3n para que haya vida y futuro para cada proyecto radiof\u00f3nico. En estos a\u00f1os hemos aprendido que las radios populares y comunitarias no se autofinancian&#8217; en la l\u00f3gica del mercado. Se sostienen y crecen a partir de m\u00faltiples articulaciones y relaciones establecidas a partir de un proyecto pol\u00edtico comunicativo\u00bb.<\/p>\n\n\n\n<figure class=\"wp-block-image\"><img decoding=\"async\" src=\"https:\/\/fmlatribu.com\/vivalaradio_crudo\/gestion-radios-comunitarias\/_imgs\/GES_organizacion_07atrapa-suenios.gif\" alt=\"Atrapa sue\ufffdos\"\/><\/figure>\n\n\n\n<p><strong>1\/<\/strong>&nbsp;Para Poder Crecer. Una perspectiva sobre la sostenibilidad<\/p>\n\n\n\n<p><strong>2\/<\/strong>&nbsp;Las cinco estaciones. Elementos para entender la sostenibilidad de la radio popular y comunitaria. Por Amparo Cadavid Bringe<\/p>\n\n\n\n<p><strong>3\/<\/strong> Bit\u00e1cora de un vuelo sostenido. La Cometa. Colombia. Por equipo de Emisora Comunitaria La Cometa<\/p>\n\n\n\n<p><strong>4\/<\/strong>\u00a0En el camino. En Tr\u00e1nsito. Argentina. Por Romina Coluccio, Mart\u00edn Messutti, Liliana Belforte, Alejandro Wassileff y Silvana Palini con la coordinaci\u00f3n de Sergio Lucarini<\/p>\n\n\n\n<p><strong>5\/<\/strong>\u00a0Comunidad de aprendizaje. Red ALER Mercadeo. Regional. Por Raquel Escobar y Ver\u00f3nica Salgado<\/p>\n\n\n\n<p><a href=\"https:\/\/fmlatribu.com\/noticias\/wp-content\/uploads\/2024\/08\/GES_organizacion_07atrapa-suenios.pdf\" target=\"_blank\" rel=\"noreferrer noopener\">Descargar PDF<\/a><\/p>\n\n\n\n<p><\/p>\n","protected":false},"excerpt":{"rendered":"<p>Ritmo Sur (editores) &#8211; Autores\/as varios\/as &#8211; Octubre de 2008 AMARC ALC\u00a0y\u00a0ALER\u00a0editaron en conjunto este material que se propone brindar perspectivas y herramientas para abordar la sostenibilidad de los proyectos radiof\u00f3nicos as\u00ed como sistematizar algunas experiencias actuales en la regi\u00f3n latinoamericana. \u00abSe trata, en la perspectiva de las dos asociaciones, de una sostenibilidad que va [&hellip;]<\/p>\n","protected":false},"author":3,"featured_media":57022,"comment_status":"closed","ping_status":"closed","sticky":false,"template":"","format":"standard","meta":{"footnotes":""},"categories":[909,910],"tags":[],"class_list":["post-57020","post","type-post","status-publish","format-standard","has-post-thumbnail","hentry","category-vlr","category-vlr-gestionradioscomunitarias"],"_links":{"self":[{"href":"https:\/\/fmlatribu.com\/noticias\/wp-json\/wp\/v2\/posts\/57020","targetHints":{"allow":["GET"]}}],"collection":[{"href":"https:\/\/fmlatribu.com\/noticias\/wp-json\/wp\/v2\/posts"}],"about":[{"href":"https:\/\/fmlatribu.com\/noticias\/wp-json\/wp\/v2\/types\/post"}],"author":[{"embeddable":true,"href":"https:\/\/fmlatribu.com\/noticias\/wp-json\/wp\/v2\/users\/3"}],"replies":[{"embeddable":true,"href":"https:\/\/fmlatribu.com\/noticias\/wp-json\/wp\/v2\/comments?post=57020"}],"version-history":[{"count":2,"href":"https:\/\/fmlatribu.com\/noticias\/wp-json\/wp\/v2\/posts\/57020\/revisions"}],"predecessor-version":[{"id":57025,"href":"https:\/\/fmlatribu.com\/noticias\/wp-json\/wp\/v2\/posts\/57020\/revisions\/57025"}],"wp:featuredmedia":[{"embeddable":true,"href":"https:\/\/fmlatribu.com\/noticias\/wp-json\/wp\/v2\/media\/57022"}],"wp:attachment":[{"href":"https:\/\/fmlatribu.com\/noticias\/wp-json\/wp\/v2\/media?parent=57020"}],"wp:term":[{"taxonomy":"category","embeddable":true,"href":"https:\/\/fmlatribu.com\/noticias\/wp-json\/wp\/v2\/categories?post=57020"},{"taxonomy":"post_tag","embeddable":true,"href":"https:\/\/fmlatribu.com\/noticias\/wp-json\/wp\/v2\/tags?post=57020"}],"curies":[{"name":"wp","href":"https:\/\/api.w.org\/{rel}","templated":true}]}}