{"id":57173,"date":"2007-01-02T19:30:00","date_gmt":"2007-01-02T19:30:00","guid":{"rendered":"https:\/\/fmlatribu.com\/noticias\/?p=57173"},"modified":"2024-08-19T03:06:07","modified_gmt":"2024-08-19T03:06:07","slug":"entre-jovenes-comunicacion-y-vih-herramientas-periodisticas-para-crear-campanas-comunitarias-de-prevencion-de-vih","status":"publish","type":"post","link":"https:\/\/fmlatribu.com\/noticias\/entre-jovenes-comunicacion-y-vih-herramientas-periodisticas-para-crear-campanas-comunitarias-de-prevencion-de-vih\/","title":{"rendered":"Entre j\u00f3venes. Comunicaci\u00f3n y VIH. Herramientas period\u00edsticas para crear campa\u00f1as comunitarias de prevenci\u00f3n de VIH"},"content":{"rendered":"\n<p><strong>Varios autores. Silvia Bacher y M\u00f3nica Beltr\u00e1n- Coordinadoras &#8211; 2 de enero de 2007.<\/strong><\/p>\n\n\n\n<p>Entre j\u00f3venes. Comunicaci\u00f3n y VIH es un proyecto de la Asociaci\u00f3n Civil Las Otras voces que se propone hacer realidad dos derechos: el derecho a la comunicaci\u00f3n y el derecho a la salud.<\/p>\n\n\n\n<p>Este libro brinda herramientas para que las y los j\u00f3venes puedan planificar sus propios talleres de comunicaci\u00f3n para la prevenci\u00f3n del VIH en sus comunidades.<\/p>\n\n\n\n<p>Al mismo tiempo, sistematiza actividades para promover la expresi\u00f3n a trav\u00e9s de distintos soportes comunicacionales y resume conceptos centrales sobre producci\u00f3n de medios.<\/p>\n\n\n\n<p>La publicaci\u00f3n brinda una perspectiva sobre el derecho a la salud, la sexualidad y el VIH\/ sida y propone una reflexi\u00f3n sobre las pr\u00e1cticas discriminatorias y constructoras de estereotipos.<\/p>\n\n\n\n<p>Ac\u00e1 pod\u00e9s descargar la versi\u00f3n PDF de la publicaci\u00f3n que cont\u00f3 con el apoyo de la Oficina Redional de UNESCO-Quito.<\/p>\n\n\n\n<p><strong>Pr\u00f3logos, introducci\u00f3n y 1era parte del Cap\u00edtulo 1.<\/strong>&nbsp;Herramientas period\u00edsticas: El derecho a la comunicaci\u00f3n\/ Las fuentes\/ La entrevista\/ Los medios gr\u00e1ficos\/ La revista<\/p>\n\n\n\n<p><a href=\"https:\/\/fmlatribu.com\/noticias\/wp-content\/uploads\/2024\/08\/GES_prod3_vihjovenes1.pdf\" target=\"_blank\" rel=\"noreferrer noopener\">Descargar PDF\u00a0<\/a><\/p>\n\n\n\n<p><strong>2da parte del Cap\u00edtulo 1.<\/strong>&nbsp;Herramientas period\u00edsticas: El lenguaje de la radio\/ La ficci\u00f3n en la radio\/ Periodismo en radio, producci\u00f3n de campa\u00f1as y comunicaci\u00f3n alternativa\/ El lenguaje de Internet\/ Bibliograf\u00eda<\/p>\n\n\n\n<p><a href=\"https:\/\/fmlatribu.com\/noticias\/wp-content\/uploads\/2024\/08\/GES_prod3_vihjovenes2.pdf\" target=\"_blank\" rel=\"noreferrer noopener\">Descargar PDF<\/a><\/p>\n\n\n\n<p><strong>Cap\u00edtulo 2.<\/strong>\u00a0Campa\u00f1as comunitarias: La comunicaci\u00f3n comunitaria\/ Conocemos la comunidad\/ Definimos objetivos, medios y estrategias\/ Elaboramos los mensajes\/ Realizamos y evaluamos la campa\u00f1a\/ Bibliograf\u00ed<\/p>\n\n\n\n<p><a href=\"https:\/\/fmlatribu.com\/noticias\/wp-content\/uploads\/2024\/08\/GES_prod3_vihjovenes3.pdf\">Descargar PDF<\/a>\u00a0<\/p>\n\n\n\n<p><strong>Cap\u00edtulo 3.<\/strong>&nbsp;VIH\/sida: El derecho a la salud\/ Sexualidad y VIH\/ sida\/ VIH y sida. V\u00edas de transmisi\u00f3n\/ Discriminaci\u00f3n. mitos y prejuicios\/ Los sujetos construidos por las campa\u00f1as de prevenci\u00f3n de VIH\/sida\/ Bibliograf\u00eda<\/p>\n\n\n\n<p><a href=\"https:\/\/fmlatribu.com\/noticias\/wp-content\/uploads\/2024\/08\/GES_prod3_vihjovenes4.pdf\">Descargar PDF<\/a>\u00a0<\/p>\n","protected":false},"excerpt":{"rendered":"<p>Varios autores. Silvia Bacher y M\u00f3nica Beltr\u00e1n- Coordinadoras &#8211; 2 de enero de 2007. Entre j\u00f3venes. Comunicaci\u00f3n y VIH es un proyecto de la Asociaci\u00f3n Civil Las Otras voces que se propone hacer realidad dos derechos: el derecho a la comunicaci\u00f3n y el derecho a la salud. Este libro brinda herramientas para que las y [&hellip;]<\/p>\n","protected":false},"author":3,"featured_media":57199,"comment_status":"closed","ping_status":"closed","sticky":false,"template":"","format":"standard","meta":{"footnotes":""},"categories":[909,910],"tags":[],"class_list":["post-57173","post","type-post","status-publish","format-standard","has-post-thumbnail","hentry","category-vlr","category-vlr-gestionradioscomunitarias"],"_links":{"self":[{"href":"https:\/\/fmlatribu.com\/noticias\/wp-json\/wp\/v2\/posts\/57173","targetHints":{"allow":["GET"]}}],"collection":[{"href":"https:\/\/fmlatribu.com\/noticias\/wp-json\/wp\/v2\/posts"}],"about":[{"href":"https:\/\/fmlatribu.com\/noticias\/wp-json\/wp\/v2\/types\/post"}],"author":[{"embeddable":true,"href":"https:\/\/fmlatribu.com\/noticias\/wp-json\/wp\/v2\/users\/3"}],"replies":[{"embeddable":true,"href":"https:\/\/fmlatribu.com\/noticias\/wp-json\/wp\/v2\/comments?post=57173"}],"version-history":[{"count":3,"href":"https:\/\/fmlatribu.com\/noticias\/wp-json\/wp\/v2\/posts\/57173\/revisions"}],"predecessor-version":[{"id":57201,"href":"https:\/\/fmlatribu.com\/noticias\/wp-json\/wp\/v2\/posts\/57173\/revisions\/57201"}],"wp:featuredmedia":[{"embeddable":true,"href":"https:\/\/fmlatribu.com\/noticias\/wp-json\/wp\/v2\/media\/57199"}],"wp:attachment":[{"href":"https:\/\/fmlatribu.com\/noticias\/wp-json\/wp\/v2\/media?parent=57173"}],"wp:term":[{"taxonomy":"category","embeddable":true,"href":"https:\/\/fmlatribu.com\/noticias\/wp-json\/wp\/v2\/categories?post=57173"},{"taxonomy":"post_tag","embeddable":true,"href":"https:\/\/fmlatribu.com\/noticias\/wp-json\/wp\/v2\/tags?post=57173"}],"curies":[{"name":"wp","href":"https:\/\/api.w.org\/{rel}","templated":true}]}}