{"id":57320,"date":"2024-09-03T23:03:59","date_gmt":"2024-09-04T02:03:59","guid":{"rendered":"https:\/\/fmlatribu.com\/noticias\/?p=57320"},"modified":"2024-09-20T20:14:50","modified_gmt":"2024-09-20T23:14:50","slug":"represion-y-mas-recorte-a-las-y-los-jubilados","status":"publish","type":"post","link":"https:\/\/fmlatribu.com\/noticias\/represion-y-mas-recorte-a-las-y-los-jubilados\/","title":{"rendered":"Represi\u00f3n y m\u00e1s recorte a las y los jubilados"},"content":{"rendered":"\n<p>El presidente, Javier Milei, vet\u00f3 el 100% de la movilidad jubilatoria aprobada por el Congreso. El Gobierno cuestiona en el escrito del veto que \u201cel proyecto de ley sancionado por el Congreso es manifiestamente violatorio del marco jur\u00eddico vigente, en tanto no contempla el impacto fiscal de la medida ni tampoco determina la fuente de su financiamiento\u201d. La modificaci\u00f3n aumentaba los salarios de jubiladas y jubilados aproximadamente en $18 mil pesos.<\/p>\n\n\n\n<p><strong>Ana Valverde, integrante de la Uni\u00f3n de Trabajadores Jubilados en Lucha (UTJL)<\/strong> cont\u00f3 c\u00f3mo fue la represi\u00f3n de la semana pasada en las puertas del Congreso. \u00abLa polic\u00eda como tiene orden de la ministra de Seguridad Nacional Bullrich que aplica su protocolo a todo aquel que quiera manifestarse. Nos atacaron sin que hici\u00e9ramos nada, no hab\u00edamos cruzado la calle y empezaron con los escudos, una larga fila de personal de la Federal con escudos. A mi, por ejemplo, me empujaron desde el cord\u00f3n porque yo estaba en la vereda porque me iban a hacer un reportaje y con el escudo, tanto a mi como al camar\u00f3grafo nos empujaron con una bestialidad hacia la pared. A una jubilada le pegaron y tiene 10 puntos entre la ceja y el nacimiento del pelo en plena cabeza\u00bb, afirm\u00f3 <strong>Valverde.<\/strong><\/p>\n\n\n\n<figure class=\"wp-block-audio\"><audio controls src=\"https:\/\/fmlatribu.com\/noticias\/wp-content\/uploads\/2024\/09\/JUBILADXS_01.mp3\"><\/audio><\/figure>\n\n\n\n<p>El accionar de la polic\u00eda dej\u00f3 a varios jubilados con diferentes heridas, \u00abcuatro que sabemos que est\u00e1n lastimados por los bastonazos y porque empezaron a tirar el gas pimienta que tambi\u00e9n es vomitivo. Fue una bestialidad como nos han pegado, nos han maltratado simplemente porque est\u00e1bamos como todos los mi\u00e9rcoles que vamos de 15 a 16 horas a la puerta del Anexo (del Congreso de la Naci\u00f3n)\u00bb, coment\u00f3 <strong>Ana Valverde<\/strong>. Adem\u00e1s, se\u00f1al\u00f3 que \u00abeste mi\u00e9rcoles pasado se agreg\u00f3 una marcha a Plaza de Mayo, que la hicimos porque la intenci\u00f3n era que no fu\u00e9ramos y que nos fu\u00e9ramos a nuestras casas a llorar porque nos hab\u00edan pegado, porque estamos en contra del veto y estamos en contra del protocolo de la se\u00f1ora Bullrich. Ella tiene mi edad, somos de la misma franja etaria y le est\u00e1 pegando a gente que este mes que empez\u00f3 va a cobrar $234 mil pesos, lo que significa que nos dan menos de $10 mil pesos por d\u00eda\u00bb.<\/p>\n\n\n\n<figure class=\"wp-block-audio\"><audio controls src=\"https:\/\/fmlatribu.com\/noticias\/wp-content\/uploads\/2024\/09\/JUBILADXS_02.mp3\"><\/audio><\/figure>\n\n\n\n<p>\u00abEste presidente no solo es mentiroso, es vergonzoso como nos trata a los jubilados\u00bb, afirm\u00f3 la referenta de la Uni\u00f3n de Trabajadores Jubilados en Lucha. \u00abNosotros hemos aportado toda la vida, la ANSES tiene la plata lo que pasa es que todos los gobiernos meten la mano en las cajas jubilatorias. La plata est\u00e1, est\u00e1 el Fondo de Garant\u00eda de Sustentabilidad que es la plata que vino cuando se pas\u00f3 el dinero que hab\u00edamos puesto al enga\u00f1o y el robo que fueron las AFJP, y pas\u00f3 a la ANSES. Se puede usar, para cuestiones excepcionales de jubilados no para pagar la deuda externa, los fundos buitre o d\u00e1rselo a las empresas m\u00e1s ricas del pa\u00eds que se llevan adem\u00e1s la plata a sus pa\u00edses de origen\u00bb, advirti\u00f3.<\/p>\n\n\n\n<figure class=\"wp-block-audio\"><audio controls src=\"https:\/\/fmlatribu.com\/noticias\/wp-content\/uploads\/2024\/09\/JUBILADXS_03.mp3\"><\/audio><\/figure>\n\n\n\n<p>Por \u00faltimo, <strong>Ana Valverde <\/strong>inform\u00f3 que desde el gobierno \u00absacaron 44 remedios que son muy importantes, son los m\u00e1s caros, incluso sacaron la morfina que la necesitan los enfermos de c\u00e1ncer en su fase terminar. La sacaron al 100% y ahora la van a tener que pagar con el 80% o con un 50% de descuento. No somos un gasto, nosotros ya nos pagamos en lo que se denomina salario diferido cuando hemos aportado para tener la jubilaci\u00f3n\u00bb.<\/p>\n\n\n\n<figure class=\"wp-block-audio\"><audio controls src=\"https:\/\/fmlatribu.com\/noticias\/wp-content\/uploads\/2024\/09\/JUBILADXS_04.mp3\"><\/audio><\/figure>\n\n\n\n<p>El mi\u00e9rcoles 4 de septiembre, como cada mi\u00e9rcoles jubilados y jubiladas concentrar\u00e1n nuevamente en las puerta del edificio Anexo al Congreso de la Naci\u00f3n para repudiar la represi\u00f3n, el veto presidencial al aumento de haberes y la quita de la cobertura total de medicamentos del PAMI. El pr\u00f3ximo 12 de septiembre las dos CTA, el Frente Sindical y la Corriente Federal se movilizar\u00e1n al Congreso para acompa\u00f1ar a jubilados y jubiladas y para rechazar el veto de Mieli.<\/p>\n\n\n\n<p><strong><em>Producci\u00f3n: Eso que falta<\/em><\/strong><\/p>\n","protected":false},"excerpt":{"rendered":"<p>El presidente, Javier Milei, vet\u00f3 el 100% de la movilidad jubilatoria aprobada por el Congreso. El Gobierno cuestiona en el escrito del veto que \u201cel proyecto de ley sancionado por el Congreso es manifiestamente violatorio del marco jur\u00eddico vigente, en tanto no contempla el impacto fiscal de la medida ni tampoco determina la fuente de [&hellip;]<\/p>\n","protected":false},"author":4,"featured_media":57325,"comment_status":"closed","ping_status":"closed","sticky":false,"template":"","format":"standard","meta":{"footnotes":""},"categories":[438,442],"tags":[861,1150,1149],"class_list":["post-57320","post","type-post","status-publish","format-standard","has-post-thumbnail","hentry","category-politica","category-trabajo","tag-jubilaciones","tag-represion-a-jubilados","tag-veto-presidencial"],"_links":{"self":[{"href":"https:\/\/fmlatribu.com\/noticias\/wp-json\/wp\/v2\/posts\/57320","targetHints":{"allow":["GET"]}}],"collection":[{"href":"https:\/\/fmlatribu.com\/noticias\/wp-json\/wp\/v2\/posts"}],"about":[{"href":"https:\/\/fmlatribu.com\/noticias\/wp-json\/wp\/v2\/types\/post"}],"author":[{"embeddable":true,"href":"https:\/\/fmlatribu.com\/noticias\/wp-json\/wp\/v2\/users\/4"}],"replies":[{"embeddable":true,"href":"https:\/\/fmlatribu.com\/noticias\/wp-json\/wp\/v2\/comments?post=57320"}],"version-history":[{"count":1,"href":"https:\/\/fmlatribu.com\/noticias\/wp-json\/wp\/v2\/posts\/57320\/revisions"}],"predecessor-version":[{"id":57326,"href":"https:\/\/fmlatribu.com\/noticias\/wp-json\/wp\/v2\/posts\/57320\/revisions\/57326"}],"wp:featuredmedia":[{"embeddable":true,"href":"https:\/\/fmlatribu.com\/noticias\/wp-json\/wp\/v2\/media\/57325"}],"wp:attachment":[{"href":"https:\/\/fmlatribu.com\/noticias\/wp-json\/wp\/v2\/media?parent=57320"}],"wp:term":[{"taxonomy":"category","embeddable":true,"href":"https:\/\/fmlatribu.com\/noticias\/wp-json\/wp\/v2\/categories?post=57320"},{"taxonomy":"post_tag","embeddable":true,"href":"https:\/\/fmlatribu.com\/noticias\/wp-json\/wp\/v2\/tags?post=57320"}],"curies":[{"name":"wp","href":"https:\/\/api.w.org\/{rel}","templated":true}]}}