{"id":57333,"date":"2024-09-03T22:46:48","date_gmt":"2024-09-04T01:46:48","guid":{"rendered":"https:\/\/fmlatribu.com\/noticias\/?p=57333"},"modified":"2024-09-16T00:18:46","modified_gmt":"2024-09-16T03:18:46","slug":"38-dias-de-paro-docente-en-neuquen-sin-respuesta-del-gobierno","status":"publish","type":"post","link":"https:\/\/fmlatribu.com\/noticias\/38-dias-de-paro-docente-en-neuquen-sin-respuesta-del-gobierno\/","title":{"rendered":"38 d\u00edas de paro docente en Neuqu\u00e9n sin respuesta del gobierno"},"content":{"rendered":"\n<p>Las y los docentes en Neuqu\u00e9n llevan 38 d\u00edas de paro. La medida de fuerza se inici\u00f3 en demanda de mejoras salariales y en contra del ataque a los derechos laborales. <strong>Ang\u00e9lica Lagunas, Secretaria General de ATEN Capital<\/strong> y se refiri\u00f3 al conflicto y coment\u00f3 que \u00abNeuqu\u00e9n es la provincia de la Vaca Muerta. Tiene uno de los hallazgos m\u00e1s importantes de la explotaci\u00f3n y producci\u00f3n petrolera como es Vaca Muerta. La plata que ingresa a Neuqu\u00e9n producto de esa explotaci\u00f3n es muy grande. El gobernador Rolando Figueroa ha sido el mejor alumno del gobierno nacional y lleva en la provincia todas las recetas de ajuste y de ataque a los trabajadores y a la escuela p\u00fablica. Por eso, a principio de a\u00f1o Rolando Figueroa comenz\u00f3 el mismo ajuste que se realiz\u00f3 a nivel nacional atacando a los trabajadores, acordando salarios por debajo de la inflaci\u00f3n y el gobierno de la provincia de Neuqu\u00e9n en la paritaria de este a\u00f1o nos rob\u00f3 el 25% de la inflaci\u00f3n de enero. Recuerden que nosotros tenemos pauta salarial de aumentos trimestrales de acuerdo a la inflaci\u00f3n pero el gobernador decidi\u00f3 no otorgarnos enero que fue la inflaci\u00f3n m\u00e1s alta del a\u00f1o\u00bb.<\/p>\n\n\n\n<figure class=\"wp-block-audio\"><audio controls src=\"https:\/\/fmlatribu.com\/noticias\/wp-content\/uploads\/2024\/09\/ATEN_01.mp3\"><\/audio><\/figure>\n\n\n\n<p>Por otra parte, la dirigenta de ATEN afirm\u00f3 que \u00abel 5 de julio en la Legislatura neuquina y con un tratamiento expr\u00e9s se puso en votaci\u00f3n un proyecto de ley que se hizo ley que plantea la puesta en marcha de un plus para quien no tenga m\u00e1s de 3 faltas en un trimestre. Pero qu\u00e9 es lo que ocurre, ese plus extorsivo no solo que hace una diferencia y castiga a quien se enferm\u00f3 y no pudo ir a trabajar, sino que adem\u00e1s, incorpora al presentismo como una herramienta tremenda para atacar las condiciones laborales que tenemos conquistadas y avanzar con la flexibilizaci\u00f3n laboral. Ataca el acceso al r\u00e9gimen de licencias que tenemos y particularmente los y las suplentes que con la nueva ley nunca van a poder hacer uso del r\u00e9gimen de licencias\u00bb.<\/p>\n\n\n\n<figure class=\"wp-block-audio\"><audio controls src=\"https:\/\/fmlatribu.com\/noticias\/wp-content\/uploads\/2024\/09\/ATEN_02.mp3\"><\/audio><\/figure>\n\n\n\n<p>Por \u00faltimo, <strong>Ang\u00e9lica Lagunas<\/strong> se\u00f1al\u00f3 que son 3 los puntos que se sostienen en el reclamo: \u00ababajo la ley que ataca nuestras condiciones laborales; el aumento de las partidas para que realmente alcance en una provincia donde cada dos chicos uno vive bajo la l\u00ednea de pobreza; y el arreglo de las escuelas. Queremos adem\u00e1s denunciar que el gobernador Figueroa es tan alumno aplicado de Milei que ha logrado y a explicado p\u00fablicamente que en la provincia de Neuqu\u00e9n hay un super\u00e1vit de 270 mil millones de pesos. Qui\u00e9n puede jactarse de un super\u00e1vit de tama\u00f1a cantidad con una partida de $140 pesos por d\u00eda por chico; tener salarios por debajo de la l\u00ednea de pobreza; y con escuelas que no est\u00e1n en condiciones. El gobierno de Neuqu\u00e9n tiene que convocar r\u00e1pidamente a una mesa porque no se puede perder un solo d\u00eda m\u00e1s de clases porque el gobierno no atiende el reclamo y no da la respuesta que estamos necesitando\u00bb.<\/p>\n\n\n\n<figure class=\"wp-block-audio\"><audio controls src=\"https:\/\/fmlatribu.com\/noticias\/wp-content\/uploads\/2024\/09\/ATEN_03.mp3\"><\/audio><\/figure>\n\n\n\n<p><strong><em>Producci\u00f3n: Charco de arena<\/em><\/strong><\/p>\n\n\n\n<p><strong><em>Foto: ATEN<\/em><\/strong><\/p>\n","protected":false},"excerpt":{"rendered":"<p>Las y los docentes en Neuqu\u00e9n llevan 38 d\u00edas de paro. La medida de fuerza se inici\u00f3 en demanda de mejoras salariales y en contra del ataque a los derechos laborales. Ang\u00e9lica Lagunas, Secretaria General de ATEN Capital y se refiri\u00f3 al conflicto y coment\u00f3 que \u00abNeuqu\u00e9n es la provincia de la Vaca Muerta. Tiene [&hellip;]<\/p>\n","protected":false},"author":4,"featured_media":57337,"comment_status":"closed","ping_status":"closed","sticky":false,"template":"","format":"standard","meta":{"footnotes":""},"categories":[438,442],"tags":[385,647,1151,1153,1152],"class_list":["post-57333","post","type-post","status-publish","format-standard","has-post-thumbnail","hentry","category-politica","category-trabajo","tag-aten","tag-derechos-laborales","tag-docentes-de-neuquen","tag-paritaria-docente","tag-paro-docente-en-neuquen"],"_links":{"self":[{"href":"https:\/\/fmlatribu.com\/noticias\/wp-json\/wp\/v2\/posts\/57333","targetHints":{"allow":["GET"]}}],"collection":[{"href":"https:\/\/fmlatribu.com\/noticias\/wp-json\/wp\/v2\/posts"}],"about":[{"href":"https:\/\/fmlatribu.com\/noticias\/wp-json\/wp\/v2\/types\/post"}],"author":[{"embeddable":true,"href":"https:\/\/fmlatribu.com\/noticias\/wp-json\/wp\/v2\/users\/4"}],"replies":[{"embeddable":true,"href":"https:\/\/fmlatribu.com\/noticias\/wp-json\/wp\/v2\/comments?post=57333"}],"version-history":[{"count":1,"href":"https:\/\/fmlatribu.com\/noticias\/wp-json\/wp\/v2\/posts\/57333\/revisions"}],"predecessor-version":[{"id":57338,"href":"https:\/\/fmlatribu.com\/noticias\/wp-json\/wp\/v2\/posts\/57333\/revisions\/57338"}],"wp:featuredmedia":[{"embeddable":true,"href":"https:\/\/fmlatribu.com\/noticias\/wp-json\/wp\/v2\/media\/57337"}],"wp:attachment":[{"href":"https:\/\/fmlatribu.com\/noticias\/wp-json\/wp\/v2\/media?parent=57333"}],"wp:term":[{"taxonomy":"category","embeddable":true,"href":"https:\/\/fmlatribu.com\/noticias\/wp-json\/wp\/v2\/categories?post=57333"},{"taxonomy":"post_tag","embeddable":true,"href":"https:\/\/fmlatribu.com\/noticias\/wp-json\/wp\/v2\/tags?post=57333"}],"curies":[{"name":"wp","href":"https:\/\/api.w.org\/{rel}","templated":true}]}}