{"id":57421,"date":"2024-09-16T18:52:49","date_gmt":"2024-09-16T21:52:49","guid":{"rendered":"https:\/\/fmlatribu.com\/noticias\/?p=57421"},"modified":"2024-09-16T18:52:51","modified_gmt":"2024-09-16T21:52:51","slug":"jubilaciones-tenemos-que-salir-a-trabajar-hacemos-changuitas-no-nos-alcanza","status":"publish","type":"post","link":"https:\/\/fmlatribu.com\/noticias\/jubilaciones-tenemos-que-salir-a-trabajar-hacemos-changuitas-no-nos-alcanza\/","title":{"rendered":"Jubilaciones: \u00abtenemos que salir a trabajar. Hacemos changuitas, no nos alcanza\u00bb"},"content":{"rendered":"\n<p>En medio de un operativo represivo en las puertas del Congreso, la C\u00e1mara de Diputados aval\u00f3 el veto del presidente Javier Milei a la iniciativa que buscaba incrementar los haberes jubilatorios un 8%. Con 153 votos a favor, 87 en contra y 8 abstenciones la ley de movilidad jubilatoria impulsada por la misma c\u00e1mara fue rechazada. Esta ley hab\u00eda sido aprobada en junio con el apoyo del Frente de Izquierda, Uni\u00f3n por la Patria, la UCR y el Pro. Despu\u00e9s de un acuerdo con con esta \u00faltima fuerza y con algunos diputados del radicalismo el presidente dej\u00f3 sin efecto un aumento que representaba una suma de $18 mil pesos en los haberes. El mandatario vet\u00f3 esta ley, con el argumento de \u201cno completar el impacto fiscal\u201d.\u00a0<\/p>\n\n\n\n<p><br>En las puertas del Congreso organizaciones de jubiladas y jubilados se manifestaron para rechazar el veto presidencial y exigir una jubilaci\u00f3n digna. All\u00ed se nuclearon tambi\u00e9n organizaciones sociales, de Derechos Humanos, sindicales y pol\u00edticas. La ministra de Seguridad, Patricia Bullrich, dio la orden de implementar el protocolo antipiquetes y reprimi\u00f3 a jubilados, jubiladas, trabajadores y trabajadoras de prensa e incluso, a una ni\u00f1a de 10 a\u00f1os que fue gaseada en el rostro por un efectivo de la Polic\u00eda Federal.<\/p>\n\n\n\n<p><strong>Silvia Bondareff, integrante de<\/strong><em><strong> Jubilados Independientes<\/strong>,<\/em> reflexion\u00f3 sobre lo sucedido y se\u00f1al\u00f3 que\u00a0 \u00abyo particularmente no creo que la sociedad apoye esta lucha. Nosotros como jubilados de la ronda que estamos en el Congreso, no nos dejaron hablar. No apoyan la lucha como nosotros apoyamos la lucha de la Universidad. Creo que es cultural esto; los viejos estamos como descartados. Ya est\u00e1, ya serviste para la sociedad, ya trabajaste, ya est\u00e1\u00bb.<\/p>\n\n\n\n<figure class=\"wp-block-audio\"><audio controls src=\"https:\/\/fmlatribu.com\/noticias\/wp-content\/uploads\/2024\/09\/JUBILADA_01.mp3\"><\/audio><\/figure>\n\n\n\n<p>Los y las jubiladas representan a uno de los sectores m\u00e1s golpeados por el ajuste que encabeza el gobierno. \u00abEl sueldo nuestro qued\u00f3 aplastado y m\u00e1s en este \u00faltimo tiempo con la suba de la luz y del gas. Qu\u00e9 puede hacer un jubilado con $234 mil pesos por mes y te toca el bono llegamos a $304 mil pesos\u00bb, sostuvo<strong> Juan Domingo, integrante de <em>Jubilados Independientes<\/em><\/strong>. \u00abEs una locura, un genocidio lo que est\u00e1n haciendo contra nosotros. No nos pueden castigar de esta manera. Habr\u00e1n visto las im\u00e1genes por televisi\u00f3n, fue impresionante hasta una chica de 10 a\u00f1os fue golpeada, fue gaseada y esa chica con la madre no estaban en la marcha, pasaban. No tienen consideraci\u00f3n con nadie, es un gobierno totalmente represivo contra la clase trabajadora, no solamente contra los jubilados\u00bb.<\/p>\n\n\n\n<figure class=\"wp-block-audio\"><audio controls src=\"https:\/\/fmlatribu.com\/noticias\/wp-content\/uploads\/2024\/09\/JUBILADO_02.mp3\"><\/audio><\/figure>\n\n\n\n<p>Por \u00faltimo, <strong>Silvia Bondareff<\/strong> coment\u00f3 que \u00abnosotros tenemos que salir a trabajar, mi esposo es alba\u00f1il y yo soy peona. Hacemos changuitas porque no nos alcanza. Ahora ni para pagar la luz, me vino $45 mil pesos. Ya no tengo cable, tengo una hija que va a la universidad y sin internet no puede estudiar\u00bb.<\/p>\n\n\n\n<figure class=\"wp-block-audio\"><audio controls src=\"https:\/\/fmlatribu.com\/noticias\/wp-content\/uploads\/2024\/09\/JUBILADA_03.mp3\"><\/audio><\/figure>\n\n\n\n<p><\/p>\n\n\n\n<p><strong><em>Producci\u00f3n: Pasadas por alto<\/em><\/strong><\/p>\n\n\n\n<p><em><strong>Foto: @dicoluciano Canal Abierto<\/strong><\/em><\/p>\n\n\n\n<p><\/p>\n","protected":false},"excerpt":{"rendered":"<p>En medio de un operativo represivo en las puertas del Congreso, la C\u00e1mara de Diputados aval\u00f3 el veto del presidente Javier Milei a la iniciativa que buscaba incrementar los haberes jubilatorios un 8%. Con 153 votos a favor, 87 en contra y 8 abstenciones la ley de movilidad jubilatoria impulsada por la misma c\u00e1mara fue [&hellip;]<\/p>\n","protected":false},"author":4,"featured_media":57425,"comment_status":"closed","ping_status":"closed","sticky":false,"template":"","format":"standard","meta":{"footnotes":""},"categories":[438],"tags":[276,1167,263,1149],"class_list":["post-57421","post","type-post","status-publish","format-standard","has-post-thumbnail","hentry","category-politica","tag-derechos-humanos","tag-jubilados","tag-represion","tag-veto-presidencial"],"_links":{"self":[{"href":"https:\/\/fmlatribu.com\/noticias\/wp-json\/wp\/v2\/posts\/57421","targetHints":{"allow":["GET"]}}],"collection":[{"href":"https:\/\/fmlatribu.com\/noticias\/wp-json\/wp\/v2\/posts"}],"about":[{"href":"https:\/\/fmlatribu.com\/noticias\/wp-json\/wp\/v2\/types\/post"}],"author":[{"embeddable":true,"href":"https:\/\/fmlatribu.com\/noticias\/wp-json\/wp\/v2\/users\/4"}],"replies":[{"embeddable":true,"href":"https:\/\/fmlatribu.com\/noticias\/wp-json\/wp\/v2\/comments?post=57421"}],"version-history":[{"count":1,"href":"https:\/\/fmlatribu.com\/noticias\/wp-json\/wp\/v2\/posts\/57421\/revisions"}],"predecessor-version":[{"id":57426,"href":"https:\/\/fmlatribu.com\/noticias\/wp-json\/wp\/v2\/posts\/57421\/revisions\/57426"}],"wp:featuredmedia":[{"embeddable":true,"href":"https:\/\/fmlatribu.com\/noticias\/wp-json\/wp\/v2\/media\/57425"}],"wp:attachment":[{"href":"https:\/\/fmlatribu.com\/noticias\/wp-json\/wp\/v2\/media?parent=57421"}],"wp:term":[{"taxonomy":"category","embeddable":true,"href":"https:\/\/fmlatribu.com\/noticias\/wp-json\/wp\/v2\/categories?post=57421"},{"taxonomy":"post_tag","embeddable":true,"href":"https:\/\/fmlatribu.com\/noticias\/wp-json\/wp\/v2\/tags?post=57421"}],"curies":[{"name":"wp","href":"https:\/\/api.w.org\/{rel}","templated":true}]}}