{"id":57474,"date":"2024-09-21T16:37:49","date_gmt":"2024-09-21T19:37:49","guid":{"rendered":"https:\/\/fmlatribu.com\/noticias\/?p=57474"},"modified":"2024-09-26T08:59:45","modified_gmt":"2024-09-26T11:59:45","slug":"ante-el-veto-presidencial-se-prepara-una-nueva-marcha-federal-universitaria","status":"publish","type":"post","link":"https:\/\/fmlatribu.com\/noticias\/ante-el-veto-presidencial-se-prepara-una-nueva-marcha-federal-universitaria\/","title":{"rendered":"Ante el veto presidencial se prepara una nueva marcha federal universitaria"},"content":{"rendered":"\n<p>El Senado aprob\u00f3 por una amplia mayor\u00eda la Ley de Financiamiento Universitario con 57 votos a favor contra s\u00f3lo 10 votos negativos y una abstenci\u00f3n. El presidente Javier Milei hab\u00eda anticipado que, de ser aprobada la iniciativa, la vetar\u00eda.<\/p>\n\n\n\n<p><strong>Luis Tiscornia, secretario gremial de la CONADU Hist\u00f3rica, <\/strong>se refiri\u00f3 al resultado de la votaci\u00f3n y anticip\u00f3 que, en defensa del veto presidencial, se est\u00e1 organizando la segunda Marcha Federal Universitaria para los primeros d\u00edas de octubre.<\/p>\n\n\n\n<p>En cuanto a los resultados de la votaci\u00f3n en el Senado, <strong>Tiscornia<\/strong> afirm\u00f3 \u00abque cada asociaci\u00f3n de base hizo entrevistas con casi todos los senadores. Por ejemplo, yo que soy de Neuqu\u00e9n, tuvimos una entrevista el s\u00e1bado anterior con el senador Oscar Parrilli, con la senadora Silvia Sapag, ah\u00ed comprometieron el voto y as\u00ed fue en general en todas las provincias. Est\u00e1bamos concientes de que hab\u00eda una mayor\u00eda, quiz\u00e1s no tanto, me llam\u00f3 la atenci\u00f3n a mi los 57 votos, pero est\u00e1bamos seguros de que se aprobaba\u00bb.<\/p>\n\n\n\n<figure class=\"wp-block-audio\"><audio controls src=\"https:\/\/fmlatribu.com\/noticias\/wp-content\/uploads\/2024\/09\/TISCORNIA_01.mp3\"><\/audio><\/figure>\n\n\n\n<p>Por otra parte, el dirigente sindical universitario se\u00f1al\u00f3 que la Ley busca \u00abmantener el financiamiento m\u00ednimo y aceptable que hoy est\u00e1 comprometido en las universidades nacionales. As\u00ed que, es muy importante y lo consideramos un \u00e9xito de la lucha de todo este a\u00f1o, de esa gran movilizaci\u00f3n del 23 de abril pero ahora hay que defendernos del veto, que es lo que el gobierno ha afirmado que va a hacer. Estamos prepar\u00e1ndonos para una segunda marcha federal universitaria en repudio al veto del gobierno nacional\u00bb.<\/p>\n\n\n\n<figure class=\"wp-block-audio\"><audio controls src=\"https:\/\/fmlatribu.com\/noticias\/wp-content\/uploads\/2024\/09\/TISCORNIA_02.mp3\"><\/audio><\/figure>\n\n\n\n<p>Finalmente, y dado que \u00abel gobierno sali\u00f3 a afirmar que lo va a hacer, el propio presidente, por lo tanto, estamos ya repudiando lo que el gobierno afirm\u00f3 que va a hacer. La fecha de la marcha es simplemente a fines organizativos, estamos conversando y tuvimos una reuni\u00f3n todos los sindicatos con la Federaci\u00f3n Universitaria Argentina estudiantil, y con la representaci\u00f3n de los rectores, el martes habr\u00e1 una reuni\u00f3n nuevamente con el CIN y con la FUA donde ah\u00ed se va a anunciar la fecha de la marcha. Estamos ajustando los detalles en estos d\u00edas y el martes se va a anunciar p\u00fablicamente la fecha que va a ser para los primeros d\u00edas de octubre\u00bb, advirti\u00f3 <strong>Luis Tiscornia.<\/strong><\/p>\n\n\n\n<figure class=\"wp-block-audio\"><audio controls src=\"https:\/\/fmlatribu.com\/noticias\/wp-content\/uploads\/2024\/09\/TISCORNIA_03.mp3\"><\/audio><\/figure>\n\n\n\n<p><\/p>\n\n\n\n<p><strong>Producci\u00f3n: Eso que falta<\/strong><\/p>\n","protected":false},"excerpt":{"rendered":"<p>El Senado aprob\u00f3 por una amplia mayor\u00eda la Ley de Financiamiento Universitario con 57 votos a favor contra s\u00f3lo 10 votos negativos y una abstenci\u00f3n. El presidente Javier Milei hab\u00eda anticipado que, de ser aprobada la iniciativa, la vetar\u00eda. Luis Tiscornia, secretario gremial de la CONADU Hist\u00f3rica, se refiri\u00f3 al resultado de la votaci\u00f3n y [&hellip;]<\/p>\n","protected":false},"author":4,"featured_media":56740,"comment_status":"closed","ping_status":"closed","sticky":false,"template":"","format":"standard","meta":{"footnotes":""},"categories":[438],"tags":[859,311,1178,1177,1149],"class_list":["post-57474","post","type-post","status-publish","format-standard","has-post-thumbnail","hentry","category-politica","tag-ajuste","tag-educacion","tag-ley-de-financiamiento-universitario","tag-marcha-federal-universitaria","tag-veto-presidencial"],"_links":{"self":[{"href":"https:\/\/fmlatribu.com\/noticias\/wp-json\/wp\/v2\/posts\/57474","targetHints":{"allow":["GET"]}}],"collection":[{"href":"https:\/\/fmlatribu.com\/noticias\/wp-json\/wp\/v2\/posts"}],"about":[{"href":"https:\/\/fmlatribu.com\/noticias\/wp-json\/wp\/v2\/types\/post"}],"author":[{"embeddable":true,"href":"https:\/\/fmlatribu.com\/noticias\/wp-json\/wp\/v2\/users\/4"}],"replies":[{"embeddable":true,"href":"https:\/\/fmlatribu.com\/noticias\/wp-json\/wp\/v2\/comments?post=57474"}],"version-history":[{"count":1,"href":"https:\/\/fmlatribu.com\/noticias\/wp-json\/wp\/v2\/posts\/57474\/revisions"}],"predecessor-version":[{"id":57478,"href":"https:\/\/fmlatribu.com\/noticias\/wp-json\/wp\/v2\/posts\/57474\/revisions\/57478"}],"wp:featuredmedia":[{"embeddable":true,"href":"https:\/\/fmlatribu.com\/noticias\/wp-json\/wp\/v2\/media\/56740"}],"wp:attachment":[{"href":"https:\/\/fmlatribu.com\/noticias\/wp-json\/wp\/v2\/media?parent=57474"}],"wp:term":[{"taxonomy":"category","embeddable":true,"href":"https:\/\/fmlatribu.com\/noticias\/wp-json\/wp\/v2\/categories?post=57474"},{"taxonomy":"post_tag","embeddable":true,"href":"https:\/\/fmlatribu.com\/noticias\/wp-json\/wp\/v2\/tags?post=57474"}],"curies":[{"name":"wp","href":"https:\/\/api.w.org\/{rel}","templated":true}]}}