{"id":57484,"date":"2024-09-24T06:09:03","date_gmt":"2024-09-24T09:09:03","guid":{"rendered":"https:\/\/fmlatribu.com\/noticias\/?p=57484"},"modified":"2024-10-09T06:51:07","modified_gmt":"2024-10-09T09:51:07","slug":"aerolineas-argentinas-tenemos-trabajadores-por-debajo-de-la-linea-de-pobreza","status":"publish","type":"post","link":"https:\/\/fmlatribu.com\/noticias\/aerolineas-argentinas-tenemos-trabajadores-por-debajo-de-la-linea-de-pobreza\/","title":{"rendered":"Aerol\u00edneas Argentinas | \u00abTenemos trabajadores por debajo de la l\u00ednea de pobreza\u00bb"},"content":{"rendered":"\n<p>El gobierno nacional puso el foco sobre lxs trabajadorxs de Aerol\u00edneas Argentinas, mediante el disciplinamiento de lxs aeron\u00e1uticxs. Aprobada la Ley Bases y reglamentada hace unos d\u00edas la esencialidad del servicio, la negociaci\u00f3n se convirti\u00f3 en un conflicto luego de que el personal de la empresa perdiera 80% del poder adquisitivo desde diciembre del a\u00f1o pasado y de que no fuese posible un acuerdo paritario. Lxs trabajadorxs reclamaban una suma del 25% de aumento para empezar a zanjar esta diferencia, sin embargo \u00ab<em>el Gobierno ofreci\u00f3 primero un 11%, luego hubo una escalada en los medios de comunicaci\u00f3n y del 11% pas\u00f3 a 0%<\/em>. <em>Es una batalla que nosotros nunca elegimos dar<\/em>\u00ab, explic\u00f3 <strong>Alejandro Kogan, Secretario de Prensa de Aeronavegantes.\u00a0<\/strong><\/p>\n\n\n\n<p>De momento planean realizar una presentaci\u00f3n ante la Justicia para obtener un amparo en el que se deje manifiesto que la declaraci\u00f3n del servicio como esencial viola el art\u00edculo 87 de la Organizaci\u00f3n Internacional del Trabajo y el 14 Bis de la Constituci\u00f3n Nacional. <em>\u00abEs una resoluci\u00f3n puramente autoritaria y est\u00e1 apuntada pura y exclusivamente a aleccionar a la lucha colectiva, que entendemos es lo que se pretende destruir para avanzar sobre la idea de entregarle al sector privado el pa\u00eds. No es un problema pura y exclusivamente de AAAA<\/em>\u00ab, asever\u00f3 <strong>Kogan<\/strong>.<\/p>\n\n\n\n<p>Sobre el tratamiento del tema en los medios masivos de comunicaci\u00f3n <strong>Kogan <\/strong>sostuvo que, \u00ab<em>es parte de una estrategia que ya est\u00e1 abiertamente planteada por el Gobierno y las autoridades de la empresa. Todos los actores de la pol\u00edtica que siempre estuvieron en contra de AAAA est\u00e1n saliendo a gritar que quieren privatizarla y para eso tienen que enfrentar a los sindicatos con el resto de la sociedad difam\u00e1ndolos y estigmatiz\u00e1ndolos<\/em>\u00ab.<\/p>\n\n\n\n<figure class=\"wp-block-audio\"><audio controls src=\"https:\/\/fmlatribu.com\/noticias\/wp-content\/uploads\/2024\/09\/aaaa1.mp3\"><\/audio><\/figure>\n\n\n\n<p>El jueves pasado el vocero Adorni  comunic\u00f3 que se hab\u00edan iniciado conversaciones con varias empresas privadas de Latinoam\u00e9rica para que se hicieran cargo de la operaci\u00f3n de AAAA. Al respecto <strong>Kogan <\/strong>respondi\u00f3: \u00ab<em>Faltan un mont\u00f3n de instancias. Primero tienen que lograr que la pol\u00edtica les permita la privatizaci\u00f3n, despu\u00e9s tienen que explicar de qu\u00e9 forma se llevar\u00eda adelante y por \u00faltimo, ver qui\u00e9n est\u00e1 interesado realmente. Me parece que hoy es m\u00e1s un t\u00edtulo rimbombante que una realidad efectiva<\/em>\u00ab.<\/p>\n\n\n\n<figure class=\"wp-block-audio\"><audio controls src=\"https:\/\/fmlatribu.com\/noticias\/wp-content\/uploads\/2024\/09\/AAAA2.mp3\"><\/audio><\/figure>\n\n\n\n<p>Producci\u00f3n: Eso que falta<br>Foto: @Aeronavegantes<\/p>\n","protected":false},"excerpt":{"rendered":"<p>El gobierno nacional puso el foco sobre lxs trabajadorxs de Aerol\u00edneas Argentinas, mediante el disciplinamiento de lxs aeron\u00e1uticxs. Aprobada la Ley Bases y reglamentada hace unos d\u00edas la esencialidad del servicio, la negociaci\u00f3n se convirti\u00f3 en un conflicto luego de que el personal de la empresa perdiera 80% del poder adquisitivo desde diciembre del a\u00f1o [&hellip;]<\/p>\n","protected":false},"author":4,"featured_media":57487,"comment_status":"closed","ping_status":"closed","sticky":false,"template":"","format":"standard","meta":{"footnotes":""},"categories":[438],"tags":[1179,1182,576,1180],"class_list":["post-57484","post","type-post","status-publish","format-standard","has-post-thumbnail","hentry","category-politica","tag-aerolineas-argentinas","tag-aeronavegantes","tag-paro","tag-privatizacion-2"],"_links":{"self":[{"href":"https:\/\/fmlatribu.com\/noticias\/wp-json\/wp\/v2\/posts\/57484","targetHints":{"allow":["GET"]}}],"collection":[{"href":"https:\/\/fmlatribu.com\/noticias\/wp-json\/wp\/v2\/posts"}],"about":[{"href":"https:\/\/fmlatribu.com\/noticias\/wp-json\/wp\/v2\/types\/post"}],"author":[{"embeddable":true,"href":"https:\/\/fmlatribu.com\/noticias\/wp-json\/wp\/v2\/users\/4"}],"replies":[{"embeddable":true,"href":"https:\/\/fmlatribu.com\/noticias\/wp-json\/wp\/v2\/comments?post=57484"}],"version-history":[{"count":1,"href":"https:\/\/fmlatribu.com\/noticias\/wp-json\/wp\/v2\/posts\/57484\/revisions"}],"predecessor-version":[{"id":57488,"href":"https:\/\/fmlatribu.com\/noticias\/wp-json\/wp\/v2\/posts\/57484\/revisions\/57488"}],"wp:featuredmedia":[{"embeddable":true,"href":"https:\/\/fmlatribu.com\/noticias\/wp-json\/wp\/v2\/media\/57487"}],"wp:attachment":[{"href":"https:\/\/fmlatribu.com\/noticias\/wp-json\/wp\/v2\/media?parent=57484"}],"wp:term":[{"taxonomy":"category","embeddable":true,"href":"https:\/\/fmlatribu.com\/noticias\/wp-json\/wp\/v2\/categories?post=57484"},{"taxonomy":"post_tag","embeddable":true,"href":"https:\/\/fmlatribu.com\/noticias\/wp-json\/wp\/v2\/tags?post=57484"}],"curies":[{"name":"wp","href":"https:\/\/api.w.org\/{rel}","templated":true}]}}