{"id":57679,"date":"2024-10-13T12:08:00","date_gmt":"2024-10-13T15:08:00","guid":{"rendered":"https:\/\/fmlatribu.com\/noticias\/?p=57679"},"modified":"2024-10-22T17:31:50","modified_gmt":"2024-10-22T20:31:50","slug":"monica-santino-nunca-deja-de-sorprenderme-el-caracter-federal-que-tiene-el-encuentro","status":"publish","type":"post","link":"https:\/\/fmlatribu.com\/noticias\/monica-santino-nunca-deja-de-sorprenderme-el-caracter-federal-que-tiene-el-encuentro\/","title":{"rendered":"M\u00f3nica Santino: \u00abNunca deja de sorprenderme el car\u00e1cter federal que tiene el Encuentro\u00bb"},"content":{"rendered":"\n<p>El derecho al deporte tambi\u00e9n es parte de cada Encuentro Plurinacional de Mujeres, Lesbianas, Travestis, Trans, Bisexuales, Intersexuales y No Binaries.\u00a0<strong>M\u00f3nica Santino<\/strong>, integrante de <a href=\"https:\/\/www.instagram.com\/lanuestrafutbolfeminista\/\" target=\"_blank\" rel=\"noreferrer noopener\">La Nuestra F\u00fatbol Feminista<\/a>, nos acerc\u00f3 sus reflexiones sobre lo ocurrido este fin de semana en San Salvador de Jujuy: <em>\u00abEra necesario para quienes nos quedamos sin ir a Bariloche, teniamos una necesidad de encuentro grande. Cost\u00f3 un mont\u00f3n llegar pero ten\u00edamos mucha necesidad de decir presente. Fueron impresionantes las vivencias, la cercan\u00eda y el abrazo. <\/em><\/p>\n\n\n\n<p>Volver al espacio de F\u00fatbol, pedir que este taller salga al espacio p\u00fablico y hacerlo con una cancha, un gacebo y m\u00fasica, fue muy lindo. Nunca deja de asombrarme el car\u00e1cter federla que tiene el Encuentro. En el futbol escuch\u00e1s historias de todo el pa\u00eds, de norte a sur, con un hilo com\u00fan de desvalorizaci\u00f3n de lo que hacemos, pero luego con las particularidades de cada lugar. <\/p>\n\n\n\n<figure class=\"wp-block-audio\"><audio controls src=\"https:\/\/fmlatribu.com\/noticias\/wp-content\/uploads\/2024\/10\/MONICA-SANTINO-1-Sensaciones-encuentro.mp3\"><\/audio><\/figure>\n\n\n\n<p>Adem\u00e1s, <strong>Santino<\/strong> repone el surgimiento de la Coordinadora de F\u00fatbol Feminista que naci\u00f3 en Trelew en el 2018. \u00a0La Coordinadora\u00a0Sin Fronteras\u00a0de\u00a0F\u00fatbol Feminista naci\u00f3 \u00abal calor de los encuentros plurinacionales\u00bb. En 2018 en Trelew se plante\u00f3 por primera vez realizar talleres de f\u00fatbol y feminismo y a partir de ah\u00ed se arm\u00f3 un grupo transversal a todas las provincias e incluso de otros pa\u00edses, que luchan entre otras cosas por la erradicaci\u00f3n de la violencia de g\u00e9nero en los clubes. <strong>Santino<\/strong> coment\u00f3:<em> \u00abLa presencia de muchas compa\u00f1eras en Jujuy vuelve a poner en valor esa estrategia, de ser coordinadora, de pensarnos desde cada lugar y que se vayan sumando compa\u00f1eras. Vinimos a darle valor pol\u00edtico a la Coordinadora, a la Red, para que m\u00e1s mujeres y diversidades participen de espacios de decisi\u00f3n\u00bb.<\/em><\/p>\n\n\n\n<figure class=\"wp-block-audio\"><audio controls src=\"https:\/\/fmlatribu.com\/noticias\/wp-content\/uploads\/2024\/10\/MONICA-SANTINO-2-Creacion-coordi-futbol.mp3\"><\/audio><\/figure>\n\n\n\n<p>Por \u00faltimo, la integrante de La Nuestra F\u00fatbol Feminista repone los principales puntos charlados en el encuentro de f\u00fatbol: <em>\u00abNo se puede esquivar la presencia de mujeres y diversidades en instituciones deportivas para la pelea que hay que dar contra las Sociedades An\u00f3nimas Deportivas. Eso y el tratamiento de las infancias en divisiones de inferiores. Esos fueron los puntos m\u00e1s importantes. Luego<\/em>, <em>hablamos de que la Coordi de Futbol Feminista vuelva a tener un calendario potente, que lo tuvimos pero se diluy\u00f3 con la pandemia\u00bb. <\/em><\/p>\n\n\n\n<figure class=\"wp-block-audio\"><audio controls src=\"https:\/\/fmlatribu.com\/noticias\/wp-content\/uploads\/2024\/10\/MONICA-SANTINO-4-Acciones-y-desafios-futbol-y-genero.mp3\"><\/audio><\/figure>\n\n\n\n<p><strong><em>Producci\u00f3n: Programa especial Cobertura del 37\u00ba Encuentro Plurinacional. Domingo 13\/10 de 11 a 13 hs.<\/em><\/strong><\/p>\n","protected":false},"excerpt":{"rendered":"<p>El derecho al deporte tambi\u00e9n es parte de cada Encuentro Plurinacional de Mujeres, Lesbianas, Travestis, Trans, Bisexuales, Intersexuales y No Binaries.\u00a0M\u00f3nica Santino, integrante de La Nuestra F\u00fatbol Feminista, nos acerc\u00f3 sus reflexiones sobre lo ocurrido este fin de semana en San Salvador de Jujuy: \u00abEra necesario para quienes nos quedamos sin ir a Bariloche, teniamos [&hellip;]<\/p>\n","protected":false},"author":3,"featured_media":57681,"comment_status":"closed","ping_status":"closed","sticky":false,"template":"","format":"standard","meta":{"footnotes":""},"categories":[440],"tags":[726,1228,421,1227],"class_list":["post-57679","post","type-post","status-publish","format-standard","has-post-thumbnail","hentry","category-transfeminismos","tag-encuentro-plurinacional","tag-futbol-feminista","tag-jujuy","tag-monica-santino"],"_links":{"self":[{"href":"https:\/\/fmlatribu.com\/noticias\/wp-json\/wp\/v2\/posts\/57679","targetHints":{"allow":["GET"]}}],"collection":[{"href":"https:\/\/fmlatribu.com\/noticias\/wp-json\/wp\/v2\/posts"}],"about":[{"href":"https:\/\/fmlatribu.com\/noticias\/wp-json\/wp\/v2\/types\/post"}],"author":[{"embeddable":true,"href":"https:\/\/fmlatribu.com\/noticias\/wp-json\/wp\/v2\/users\/3"}],"replies":[{"embeddable":true,"href":"https:\/\/fmlatribu.com\/noticias\/wp-json\/wp\/v2\/comments?post=57679"}],"version-history":[{"count":4,"href":"https:\/\/fmlatribu.com\/noticias\/wp-json\/wp\/v2\/posts\/57679\/revisions"}],"predecessor-version":[{"id":57689,"href":"https:\/\/fmlatribu.com\/noticias\/wp-json\/wp\/v2\/posts\/57679\/revisions\/57689"}],"wp:featuredmedia":[{"embeddable":true,"href":"https:\/\/fmlatribu.com\/noticias\/wp-json\/wp\/v2\/media\/57681"}],"wp:attachment":[{"href":"https:\/\/fmlatribu.com\/noticias\/wp-json\/wp\/v2\/media?parent=57679"}],"wp:term":[{"taxonomy":"category","embeddable":true,"href":"https:\/\/fmlatribu.com\/noticias\/wp-json\/wp\/v2\/categories?post=57679"},{"taxonomy":"post_tag","embeddable":true,"href":"https:\/\/fmlatribu.com\/noticias\/wp-json\/wp\/v2\/tags?post=57679"}],"curies":[{"name":"wp","href":"https:\/\/api.w.org\/{rel}","templated":true}]}}