{"id":57869,"date":"2024-11-18T04:02:36","date_gmt":"2024-11-18T07:02:36","guid":{"rendered":"https:\/\/fmlatribu.com\/noticias\/?p=57869"},"modified":"2024-11-18T04:02:45","modified_gmt":"2024-11-18T07:02:45","slug":"nos-quieren-seguir-manteniendo-en-la-discriminacion-total-y-en-la-super-explotacion","status":"publish","type":"post","link":"https:\/\/fmlatribu.com\/noticias\/nos-quieren-seguir-manteniendo-en-la-discriminacion-total-y-en-la-super-explotacion\/","title":{"rendered":"\u00abNos quieren seguir manteniendo en la discriminaci\u00f3n total y en la s\u00faper explotaci\u00f3n\u00bb"},"content":{"rendered":"\n<p>El jueves 7 de noviembre La Asociaci\u00f3n de Licenciadas\/os en Enfermer\u00eda (ALE) junto a otras organizaciones de la salud de la Ciudad de Buenos Aires, participaron de la reuni\u00f3n informativa de la Comisi\u00f3n de Salud de la Legislatura porte\u00f1a, para exponer los puntos de vista en relaci\u00f3n al tratamiento de los proyectos sobre el reconocimiento laboral, salarial y profesional del colectivo.&nbsp;<\/p>\n\n\n\n<p>Se trata de un reconocimiento por el que vienen luchando hist\u00f3ricamente, ya que nunca estuvieron incluidos en ninguna resoluci\u00f3n municipal como profesionales de la salud y en el a\u00f1o 2008 se sancion\u00f3 la ley 6035 de la Ciudad de Buenos Aires en donde se ratifica la no inclusi\u00f3n de este rubro.<\/p>\n\n\n\n<p>\u00ab<em>Nunca bajamos los brazos porque el reconocimiento profesional es lo que nos corresponde. No queremos ninguna ley aparte, queremos ser incluidos en el r\u00e9gimen que regula a los profesionales de la salud en CABA, que es muy f\u00e1cil. En el art\u00edculo 8 se establece que el ejecutivo tiene la potestad por sugerencia del Ministerio de Salud y en coordinaci\u00f3n de los gremios de pasar a las carreras que considere a esa ley y a ese r\u00e9gimen. No hay voluntad pol\u00edtica<\/em>\u00ab, sostuvo <strong>Luciana Franco<\/strong>, enfermera del Hospital Fern\u00e1ndez y <strong>Secretaria General de ALE<\/strong>.<\/p>\n\n\n\n<p>Las y los enfermeros han acudido a la v\u00eda judicial y obtuvieron dos fallos a favor por la equiparaci\u00f3n salarial, que ha sido apelado en dos oportunidades por Larreta en primer lugar y por Jorge Macri recientemente.<\/p>\n\n\n\n<figure class=\"wp-block-audio\"><audio controls src=\"https:\/\/fmlatribu.com\/noticias\/wp-content\/uploads\/2024\/11\/ale1.mp3\"><\/audio><\/figure>\n\n\n\n<p>Adem\u00e1s de la v\u00eda legal, lxs profesionales vienen trabajando en la v\u00eda legislativa para sacar un proyecto unificado de varios bloques que implica: el pase a carrera, la inclusi\u00f3n de los profesionales por ley, un plazo de 180 d\u00edas para la implementaci\u00f3n y que se respete la funci\u00f3n y la antig\u00fcedad.&nbsp;<\/p>\n\n\n\n<p>Sin embargo, el 14 de noviembre luego de que se debatiera en la comisi\u00f3n de salud la situaci\u00f3n de los enfermeros, desde el radicalismo advirtieron que no todo el bloque acompa\u00f1ar\u00e1 el proyecto unificado presentado con Uni\u00f3n por la Patria, el Frente Izquierda, Confianza P\u00fablica y la propia UCR, sino que se inclinar\u00e1n por el proyecto del oficialismo porte\u00f1o en el que no se reconocen a los enfermeros en plenitud de derechos.<\/p>\n\n\n\n<p>El 21 de noviembre, d\u00eda nacional de la enfermer\u00eda, marchar\u00e1n del Congreso a la Legislatura en defensa de la salud p\u00fablica y tambi\u00e9n en apoyo a que lxs enfermerxs sean incluidos en la Ley 6035 de CABA.<\/p>\n\n\n\n<p><\/p>\n\n\n\n<div style=\"height:37px\" aria-hidden=\"true\" class=\"wp-block-spacer\"><\/div>\n\n\n\n<p>Producci\u00f3n: Eso que falta<br>Foto: ALE<\/p>\n","protected":false},"excerpt":{"rendered":"<p>El jueves 7 de noviembre La Asociaci\u00f3n de Licenciadas\/os en Enfermer\u00eda (ALE) junto a otras organizaciones de la salud de la Ciudad de Buenos Aires, participaron de la reuni\u00f3n informativa de la Comisi\u00f3n de Salud de la Legislatura porte\u00f1a, para exponer los puntos de vista en relaci\u00f3n al tratamiento de los proyectos sobre el reconocimiento [&hellip;]<\/p>\n","protected":false},"author":4,"featured_media":57871,"comment_status":"closed","ping_status":"closed","sticky":false,"template":"","format":"standard","meta":{"footnotes":""},"categories":[442],"tags":[1294,210,344,1297,1296,410],"class_list":["post-57869","post","type-post","status-publish","format-standard","has-post-thumbnail","hentry","category-trabajo","tag-asociacion-de-licenciados-en-enfermeria","tag-caba","tag-enfermeria","tag-fernan-quiroz","tag-ley-3065","tag-salud"],"_links":{"self":[{"href":"https:\/\/fmlatribu.com\/noticias\/wp-json\/wp\/v2\/posts\/57869","targetHints":{"allow":["GET"]}}],"collection":[{"href":"https:\/\/fmlatribu.com\/noticias\/wp-json\/wp\/v2\/posts"}],"about":[{"href":"https:\/\/fmlatribu.com\/noticias\/wp-json\/wp\/v2\/types\/post"}],"author":[{"embeddable":true,"href":"https:\/\/fmlatribu.com\/noticias\/wp-json\/wp\/v2\/users\/4"}],"replies":[{"embeddable":true,"href":"https:\/\/fmlatribu.com\/noticias\/wp-json\/wp\/v2\/comments?post=57869"}],"version-history":[{"count":2,"href":"https:\/\/fmlatribu.com\/noticias\/wp-json\/wp\/v2\/posts\/57869\/revisions"}],"predecessor-version":[{"id":57874,"href":"https:\/\/fmlatribu.com\/noticias\/wp-json\/wp\/v2\/posts\/57869\/revisions\/57874"}],"wp:featuredmedia":[{"embeddable":true,"href":"https:\/\/fmlatribu.com\/noticias\/wp-json\/wp\/v2\/media\/57871"}],"wp:attachment":[{"href":"https:\/\/fmlatribu.com\/noticias\/wp-json\/wp\/v2\/media?parent=57869"}],"wp:term":[{"taxonomy":"category","embeddable":true,"href":"https:\/\/fmlatribu.com\/noticias\/wp-json\/wp\/v2\/categories?post=57869"},{"taxonomy":"post_tag","embeddable":true,"href":"https:\/\/fmlatribu.com\/noticias\/wp-json\/wp\/v2\/tags?post=57869"}],"curies":[{"name":"wp","href":"https:\/\/api.w.org\/{rel}","templated":true}]}}