{"id":57875,"date":"2024-11-18T05:21:14","date_gmt":"2024-11-18T08:21:14","guid":{"rendered":"https:\/\/fmlatribu.com\/noticias\/?p=57875"},"modified":"2024-11-29T14:12:57","modified_gmt":"2024-11-29T17:12:57","slug":"brote-de-sarna-en-el-subte","status":"publish","type":"post","link":"https:\/\/fmlatribu.com\/noticias\/brote-de-sarna-en-el-subte\/","title":{"rendered":"Brote de sarna en el subte"},"content":{"rendered":"\n<p>La Asociaci\u00f3n Gremial de Trabajadores del Subte y el Premetro y el cuerpo de delegados de la L\u00ednea B denunciaron a trav\u00e9s de un comunicado que que existe un brote de sarna a ra\u00edz de la falta de higiene y el abandono generalizado que sufre esa l\u00ednea, abandono que se agrav\u00f3 el \u00faltimo tiempo por la escasez de personal. Destacan tambi\u00e9n la presencia de agua cloacal en algunas estaciones, ratas, cucarachas, alacranes, mosquitos e incluso v\u00edboras. <\/p>\n\n\n\n<p>Desde la concesionaria Emova aseguraron que realizan fumigaciones \u00abperi\u00f3dicas\u00bb para mantener las \u00abcondiciones de limpieza adecuadas\u00bb.<\/p>\n\n\n\n<p><em>\u00abHan aparecido zarpullidos en algunos compa\u00f1eros. Supusimos que eran pulgas<\/em>\u00bb sostuvo <strong>Pancho Ledesma<\/strong>, Secretario de Salud Laboral y Condiciones en el Medio Ambiente en el Trabajo de la <strong>Asociaci\u00f3n Gremial de Trabajadores del Subte y Premetro<\/strong> (AGTSyP), <\/p>\n\n\n\n<figure class=\"wp-block-audio\"><audio controls src=\"https:\/\/fmlatribu.com\/noticias\/wp-content\/uploads\/2024\/11\/subte1.mp3\"><\/audio><\/figure>\n\n\n\n<p>\u00ab<em>Por ahora no tenemos registro de usuarios contagiados. Pero a trav\u00e9s de los medios tambi\u00e9n queremos llegar a ellos para que en caso de que tengan alguna reacci\u00f3n puedan acudir al m\u00e9dico, por el cuidado de todos<\/em>\u00ab, confirm\u00f3 <strong>Ledesma<\/strong>.<\/p>\n\n\n\n<p>\u00abNosotros vemos el transporte como un derecho, pero la empresa concesionaria lo veo como una mercanc\u00eda. A lo que quiere llegar es a cumplir con un contrato, acortar cada vez m\u00e1s para meter m\u00e1s gente y ganar m\u00e1s plata. Nosotros permanentemente tratamos de ir a la prevenci\u00f3n y promoci\u00f3n de la salud e intentamos alertar de los problemas antes\u00bb, indic\u00f3.<\/p>\n\n\n\n<p>Luego de que desde el sindicato se publicara una lista de denuncias y reclamos Jorge Macri anunci\u00f3 su intenci\u00f3n de comprar una nueva flota que llegar\u00eda en dos o tres a\u00f1os.<\/p>\n\n\n\n<figure class=\"wp-block-audio\"><audio controls src=\"https:\/\/fmlatribu.com\/noticias\/wp-content\/uploads\/2024\/11\/subte2.mp3\"><\/audio><\/figure>\n\n\n\n<p>\u00ab<em>En algunas l\u00edneas como la B esta situaci\u00f3n se ve de forma m\u00e1s cr\u00edtica. Nosotros como trabajadores la padecemos igual que los usuarios y queremos visibilizarlo para que se pueda destrabar y se tomen decisiones pol\u00edticas. Queremos que las distintas autoridades puedan venir, ver y aportar una mejor idea, una mejor visi\u00f3n para mejorar el servicio que est\u00e1 cada vez peor<\/em>\u00bb finaliz\u00f3 <strong>Ledesma<\/strong>.<\/p>\n\n\n\n<div style=\"height:41px\" aria-hidden=\"true\" class=\"wp-block-spacer\"><\/div>\n\n\n\n<p>Producci\u00f3n: Pasadas por alto<\/p>\n","protected":false},"excerpt":{"rendered":"<p>La Asociaci\u00f3n Gremial de Trabajadores del Subte y el Premetro y el cuerpo de delegados de la L\u00ednea B denunciaron a trav\u00e9s de un comunicado que que existe un brote de sarna a ra\u00edz de la falta de higiene y el abandono generalizado que sufre esa l\u00ednea, abandono que se agrav\u00f3 el \u00faltimo tiempo por [&hellip;]<\/p>\n","protected":false},"author":4,"featured_media":54153,"comment_status":"closed","ping_status":"closed","sticky":false,"template":"","format":"standard","meta":{"footnotes":""},"categories":[439],"tags":[675,374,1298],"class_list":["post-57875","post","type-post","status-publish","format-standard","has-post-thumbnail","hentry","category-derecho-a-la-ciudad","tag-jorge-macri","tag-subte","tag-trabajadorxs-del-subte"],"_links":{"self":[{"href":"https:\/\/fmlatribu.com\/noticias\/wp-json\/wp\/v2\/posts\/57875","targetHints":{"allow":["GET"]}}],"collection":[{"href":"https:\/\/fmlatribu.com\/noticias\/wp-json\/wp\/v2\/posts"}],"about":[{"href":"https:\/\/fmlatribu.com\/noticias\/wp-json\/wp\/v2\/types\/post"}],"author":[{"embeddable":true,"href":"https:\/\/fmlatribu.com\/noticias\/wp-json\/wp\/v2\/users\/4"}],"replies":[{"embeddable":true,"href":"https:\/\/fmlatribu.com\/noticias\/wp-json\/wp\/v2\/comments?post=57875"}],"version-history":[{"count":1,"href":"https:\/\/fmlatribu.com\/noticias\/wp-json\/wp\/v2\/posts\/57875\/revisions"}],"predecessor-version":[{"id":57878,"href":"https:\/\/fmlatribu.com\/noticias\/wp-json\/wp\/v2\/posts\/57875\/revisions\/57878"}],"wp:featuredmedia":[{"embeddable":true,"href":"https:\/\/fmlatribu.com\/noticias\/wp-json\/wp\/v2\/media\/54153"}],"wp:attachment":[{"href":"https:\/\/fmlatribu.com\/noticias\/wp-json\/wp\/v2\/media?parent=57875"}],"wp:term":[{"taxonomy":"category","embeddable":true,"href":"https:\/\/fmlatribu.com\/noticias\/wp-json\/wp\/v2\/categories?post=57875"},{"taxonomy":"post_tag","embeddable":true,"href":"https:\/\/fmlatribu.com\/noticias\/wp-json\/wp\/v2\/tags?post=57875"}],"curies":[{"name":"wp","href":"https:\/\/api.w.org\/{rel}","templated":true}]}}