{"id":57886,"date":"2024-11-13T15:08:19","date_gmt":"2024-11-13T18:08:19","guid":{"rendered":"https:\/\/fmlatribu.com\/noticias\/?p=57886"},"modified":"2024-11-28T01:15:58","modified_gmt":"2024-11-28T04:15:58","slug":"miguel-del-popolo-fue-condenado-a-27-anos-de-prision-por-abuso-sexual","status":"publish","type":"post","link":"https:\/\/fmlatribu.com\/noticias\/miguel-del-popolo-fue-condenado-a-27-anos-de-prision-por-abuso-sexual\/","title":{"rendered":"Miguel del P\u00f3polo fue condenado a 27 a\u00f1os de prisi\u00f3n por abuso sexual"},"content":{"rendered":"\n<p>El Tribunal Oral en lo Criminal y Correccional N\u00ba25 conden\u00f3 a 27 a\u00f1os de prisi\u00f3n a Jos\u00e9 Miguel del P\u00f3polo, ex cantante de la banda \u201cLa ola que quer\u00eda ser chau\u201d por abuso sexual con acceso carnal en perjuicio de tres mujeres. Los jueces Hugo Daniel Navarro, Ana Dieta de Herrero y Marcelo Bartumeu Romero ordenaron su inmediata detenci\u00f3n y dar\u00e1n a conocer los argumentos de la condena el 27 de noviembre.<\/p>\n\n\n\n<p><br><strong>Mail\u00e9n Fr\u00edas<\/strong>, una de las denunciantes que inici\u00f3 la causa en el 2016, se refiri\u00f3 al veredicto cont\u00f3 que \u00abla verdad es que estoy bastante contenta, pero m\u00e1s que contenta tambi\u00e9n estoy aliviada. Siento que hay un mont\u00f3n de situaciones que sent\u00eda que estaban en riesgo, que hab\u00eda peligro y otras sensaciones horribles est\u00e1n como empezando a desaparecer de a poquito. Estoy muy conforme con el trabajo que hizo el Tribunal en general, pero tambi\u00e9n estoy conforme con la investigaci\u00f3n que llev\u00f3 a cabo el fiscal Guillermo P\u00e9rez de la Fuente que pidi\u00f3 25 a\u00f1os, la querella que pidi\u00f3 31 a\u00f1os, y los jueces que decidieron darle 27. La verdad que me parece que que hicieron un un trabajo que no ven\u00eda viendo, yo por lo menos, en cuestiones de g\u00e9nero hasta el momento\u00bb.<br><\/p>\n\n\n\n<figure class=\"wp-block-audio\"><audio controls src=\"https:\/\/fmlatribu.com\/noticias\/wp-content\/uploads\/2024\/11\/MAILEN_01.mp3\"><\/audio><\/figure>\n\n\n\n<p><strong>Mail\u00e9n <\/strong>record\u00f3 que la causa se impuls\u00f3 con tres dencunciantes, \u00absomos tres, Anabella que est\u00e1 viviendo en Holanda, Roc\u00edo y yo que estuvimos presentes en todas las audiencias las tres escuchando todo lo que suced\u00eda y ninguna de las tres esper\u00e1bamos semejante veredicto, justamente porque estamos acostumbradas a escuchar otro tipo de final en este tipo de situaciones, eso me sorprendi\u00f3. Estamos muy agradecidas y muy conformes, la contenci\u00f3n fue tremenda, hubo mucha gente, principalmente amigues\u00bb.<br><\/p>\n\n\n\n<figure class=\"wp-block-audio\"><audio controls src=\"https:\/\/fmlatribu.com\/noticias\/wp-content\/uploads\/2024\/11\/MAILEN_02.mp3\"><\/audio><\/figure>\n\n\n\n<p>El veredicto tuvo una impronta reparadora para las v\u00edctimas de Del P\u00f3polo porque, tal como se\u00f1al\u00f3 <strong>Mailen Fr\u00edas,<\/strong> \u00absabemos muy bien por el testimonio de algunas chicas que \u00e9l sigui\u00f3 violando y maltratando mujeres despu\u00e9s de nosotras haberlo denunciado. Fueron 8 a\u00f1os de impunidad en donde \u00e9l se manej\u00f3 de la misma manera que se manejaba antes de ser denunciado as\u00ed que, me parece que el hecho de verlo esposado y y\u00e9ndose directo a un penal fue lo que me gener\u00f3 m\u00e1s alivio, saber que a partir de ahora ya est\u00e1, que por lo menos por 27 a\u00f1os no va a poder hacerle da\u00f1o a ninguna m\u00e1s\u00bb.<br><\/p>\n\n\n\n<figure class=\"wp-block-audio\"><audio controls src=\"https:\/\/fmlatribu.com\/noticias\/wp-content\/uploads\/2024\/11\/MAILEN_03.mp3\"><\/audio><\/figure>\n\n\n\n<p>Por \u00faltimo, <strong>Mail\u00e9n<\/strong> destac\u00f3 que \u00abse le cay\u00f3 la idea de impunidad que ten\u00eda de s\u00ed mismo. Todas esas canciones que hizo hablando de violaciones, cosas que le generaban impunidad porque eran canciones que escuchaba mucha gente y se las aplaud\u00edan ya no tiene m\u00e1s esa impunidad y est\u00e1 preso por lo que hizo porque se lo encontr\u00f3 culpable, porque hubo pruebas suficientes para condenarlo. Fuimos un mont\u00f3n de chicas, m\u00e1s all\u00e1 de las que lo denunciamos, fueron otras chicas m\u00e1s que no pudieron denunciar en su momento, pero que s\u00ed se presentaron como testigos, quienes hicimos un trabajo enorme para que esto suceda, que pusimos el cuerpo durante un mont\u00f3n de tiempo desde hace 8 a\u00f1os, as\u00ed que el hecho de que se haya ido esposado fue para todos un momento bastante reparador\u00bb.<br><\/p>\n\n\n\n<figure class=\"wp-block-audio\"><audio controls src=\"https:\/\/fmlatribu.com\/noticias\/wp-content\/uploads\/2024\/11\/MAILEN_04.mp3\"><\/audio><\/figure>\n\n\n\n<p><strong>Producci\u00f3n: Algo con Erre<\/strong><br><strong>Foto: Julianite Calcagno<\/strong><\/p>\n","protected":false},"excerpt":{"rendered":"<p>El Tribunal Oral en lo Criminal y Correccional N\u00ba25 conden\u00f3 a 27 a\u00f1os de prisi\u00f3n a Jos\u00e9 Miguel del P\u00f3polo, ex cantante de la banda \u201cLa ola que quer\u00eda ser chau\u201d por abuso sexual con acceso carnal en perjuicio de tres mujeres. Los jueces Hugo Daniel Navarro, Ana Dieta de Herrero y Marcelo Bartumeu Romero [&hellip;]<\/p>\n","protected":false},"author":4,"featured_media":57891,"comment_status":"closed","ping_status":"closed","sticky":false,"template":"","format":"standard","meta":{"footnotes":""},"categories":[440],"tags":[807,1305,1215],"class_list":["post-57886","post","type-post","status-publish","format-standard","has-post-thumbnail","hentry","category-transfeminismos","tag-abuso-sexual","tag-miguel-del-popolo","tag-violencia-machista"],"_links":{"self":[{"href":"https:\/\/fmlatribu.com\/noticias\/wp-json\/wp\/v2\/posts\/57886","targetHints":{"allow":["GET"]}}],"collection":[{"href":"https:\/\/fmlatribu.com\/noticias\/wp-json\/wp\/v2\/posts"}],"about":[{"href":"https:\/\/fmlatribu.com\/noticias\/wp-json\/wp\/v2\/types\/post"}],"author":[{"embeddable":true,"href":"https:\/\/fmlatribu.com\/noticias\/wp-json\/wp\/v2\/users\/4"}],"replies":[{"embeddable":true,"href":"https:\/\/fmlatribu.com\/noticias\/wp-json\/wp\/v2\/comments?post=57886"}],"version-history":[{"count":1,"href":"https:\/\/fmlatribu.com\/noticias\/wp-json\/wp\/v2\/posts\/57886\/revisions"}],"predecessor-version":[{"id":57892,"href":"https:\/\/fmlatribu.com\/noticias\/wp-json\/wp\/v2\/posts\/57886\/revisions\/57892"}],"wp:featuredmedia":[{"embeddable":true,"href":"https:\/\/fmlatribu.com\/noticias\/wp-json\/wp\/v2\/media\/57891"}],"wp:attachment":[{"href":"https:\/\/fmlatribu.com\/noticias\/wp-json\/wp\/v2\/media?parent=57886"}],"wp:term":[{"taxonomy":"category","embeddable":true,"href":"https:\/\/fmlatribu.com\/noticias\/wp-json\/wp\/v2\/categories?post=57886"},{"taxonomy":"post_tag","embeddable":true,"href":"https:\/\/fmlatribu.com\/noticias\/wp-json\/wp\/v2\/tags?post=57886"}],"curies":[{"name":"wp","href":"https:\/\/api.w.org\/{rel}","templated":true}]}}