{"id":57944,"date":"2024-12-09T22:00:55","date_gmt":"2024-12-10T01:00:55","guid":{"rendered":"https:\/\/fmlatribu.com\/noticias\/?p=57944"},"modified":"2025-01-06T10:44:58","modified_gmt":"2025-01-06T13:44:58","slug":"el-gobierno-elimino-el-fondo-de-asistencia-para-las-victimas-de-trata","status":"publish","type":"post","link":"https:\/\/fmlatribu.com\/noticias\/el-gobierno-elimino-el-fondo-de-asistencia-para-las-victimas-de-trata\/","title":{"rendered":"El Gobierno elimin\u00f3 el Fondo de Asistencia para las v\u00edctimas de trata"},"content":{"rendered":"\n<p>A trav\u00e9s del decreto 1048\/2024, el gobierno de Javier Milei decidi\u00f3 eliminar el Fondo de Asistencia para V\u00edctimas de Trata, una de las pocas pol\u00edticas p\u00fablicas de restituci\u00f3n de derechos para sobrevivientes del delito de trata que quedaban en pie. El fondo garantizaba la reparaci\u00f3n econ\u00f3mica a las v\u00edctimas a trav\u00e9s del fideicomiso de bienes decomisados en causas judiciales referidas a los delitos de trata y explotaci\u00f3n sexual, y de ganancias provenientes de tales il\u00edcitos. Estaba contemplado en general en la ley 26.364 sancionada bajo el Gobierno de Cristina Kirchner, fue espec\u00edficamente creado por la ley 27.508 bajo la gesti\u00f3n de Mauricio Macri y puesto en funcionamiento durante la gesti\u00f3n de Alberto Fern\u00e1ndez. Adem\u00e1s, representaba una reivindicaci\u00f3n a una de las demandas hist\u00f3ricas de las organizaciones antitrata que repar\u00f3 a 498 personas.<\/p>\n\n\n\n<p><strong>Facundo Lugo, integrante de la Fundaci\u00f3n Alameda,<\/strong> se refiri\u00f3 a la medida del Gobierno y afirm\u00f3 que \u201ca trav\u00e9s de dos escuetos renglones, el gobierno, la gesti\u00f3n actual de Milei puso fin al trabajo de cinco fondos fiduciarios entre ellos, el que buscaba reparar a las personas v\u00edctimas de trata y que como mencionaban era una pol\u00edtica de Estado. Es importante esto porque atraves\u00f3 tres gobiernos, se hab\u00eda puesto en funcionamiento, hab\u00eda efectivamente indemnizado una cantidad considerable de personas que fueron sobrevivientes, que eran sobrevivientes del delito de trata, y adem\u00e1s era un fondo que ten\u00eda un control absolutamente exhaustivo. Con lo cual, ese comunicado que habla de que hab\u00eda una desviaci\u00f3n de fondos, siempre tratando de instalar esta idea de que no se sab\u00eda para qu\u00e9 se utilizaban o que era una caja pol\u00edtica lo cierto es muy concreto\u201d.<br><\/p>\n\n\n\n<figure class=\"wp-block-audio\"><audio controls src=\"https:\/\/fmlatribu.com\/noticias\/wp-content\/uploads\/2024\/12\/TRATA_01.mp3\"><\/audio><\/figure>\n\n\n\n<p>En cuanto a las acusaciones de desv\u00edo de fondos a partir de esta pol\u00edtica p\u00fablica,<strong> Lugo<\/strong> explic\u00f3 que \u201chab\u00eda un proceso judicial, en ese proceso judicial se determinaba y se identificaba a la v\u00edctima o a las v\u00edctimas, se defin\u00eda el monto, se comunicaba al Ministerio de Justicia y, una vez liquidados los bienes, se indemnizaba y se reparaba econ\u00f3micamente a la v\u00edctima de trata. Todo esto controlado y monitoreado a trav\u00e9s del Ministerio de Justicia, del Consejo Federal de trata, donde est\u00e1n todas las provincias su pa\u00eds del propio Banco Central, porque el fondo fijo como cualquier fondo de estas caracter\u00edsticas est\u00e1 sometida a regulaciones del Banco Central, de la Comisi\u00f3n Nacional de Valores. Lo que se busc\u00f3, lo que se busca es eliminar una pol\u00edtica p\u00fablica con el agravante de que a diferencia tal vez de otro tipo de medidas o de instrumentos en este caso estamos vulnerando el derecho de un colectivo que ya de por s\u00ed es vulnerado como es las v\u00edctimas de trata. Esto es lo m\u00e1s grave ac\u00e1. Lo central es que hay un conjunto de personas que, en general si uno ve las trayectorias de las v\u00edctimas de trata laboral o sexual, la mayor\u00eda ingresan en este circuito siendo menores de edad y que tienen todo tipo de vulnerabilidades afectivas, econ\u00f3micas, sociales\u201d.<br><\/p>\n\n\n\n<figure class=\"wp-block-audio\"><audio controls src=\"https:\/\/fmlatribu.com\/noticias\/wp-content\/uploads\/2024\/12\/TRATA_02.mp3\"><\/audio><\/figure>\n\n\n\n<p><strong>El integrante de la Fundaci\u00f3n La Alameda<\/strong> inform\u00f3 que \u201chace unos 3 o 4 meses presentamos un primer informe del desmantelamiento de las pol\u00edticas p\u00fablicas de asistencia para las personas v\u00edctimas de trata. Esta era pr\u00e1cticamente la \u00faltima que quedaba en pie. Hoy por hoy se rescata una persona de un prost\u00edbulo, de un privado, de un campo, de un taller textil clandestino y no hay ni siquiera un Potenciar Trabajo para darle a esa v\u00edctima, no hay ni siquiera una asistencia econ\u00f3mica directa y esto era un poco el \u00faltimo moj\u00f3n que quedaba de asistencia y fue fue eliminado. Esta pol\u00edtica p\u00fablica era referencia a nivel regional, hab\u00edamos recibido visitas de varios pa\u00edses para contarles o conocer la experiencia del Fondo Fiduciario, una experiencia exitosa seguramente perfectible, mejorable como toda pol\u00edtica p\u00fablica, pero obviamente de ah\u00ed a su eliminaci\u00f3n hay una diferencia\u201d.<br><\/p>\n\n\n\n<figure class=\"wp-block-audio\"><audio controls src=\"https:\/\/fmlatribu.com\/noticias\/wp-content\/uploads\/2024\/12\/TRATA_03.mp3\"><\/audio><\/figure>\n\n\n\n<p>Por \u00faltimo, <strong>Facundo Lugo<\/strong> advirti\u00f3 que \u201chace pocas semanas, en noviembre estuvo reunido el Consejo Federal de Trata que por ley tiene que reunirse al menos dos veces al a\u00f1o, las propias autoridades del gobierno presentaron informes sobre el Consejo Federal de Trata, hay una comisi\u00f3n espec\u00edfica de seguimiento y no es que hab\u00eda funcionario de segunda l\u00ednea, estaba el viceministro de Justicia del Ministerio de Justicia de la Naci\u00f3n, estaba la directora del Comit\u00e9 Ejecutivo de lucha contra la Trata actual. Con lo cual, evidentemente o no lo sab\u00edan o, le ocultaron al resto de las provincias, de las organizaciones sociales presentes sobre esta novedad. Pero lo cierto es que no solo no hubo comunicaci\u00f3n previa, sino que adem\u00e1s lo que es peor, como a muchos otros casos este gobierno elimine instrumentos y no da alternativa\u201d.<br><\/p>\n\n\n\n<figure class=\"wp-block-audio\"><audio controls src=\"https:\/\/fmlatribu.com\/noticias\/wp-content\/uploads\/2024\/12\/TRATA_04.mp3\"><\/audio><\/figure>\n\n\n\n<p><\/p>\n\n\n\n<p><strong>Producci\u00f3n: Pasadas por alto<\/strong><\/p>\n","protected":false},"excerpt":{"rendered":"<p>A trav\u00e9s del decreto 1048\/2024, el gobierno de Javier Milei decidi\u00f3 eliminar el Fondo de Asistencia para V\u00edctimas de Trata, una de las pocas pol\u00edticas p\u00fablicas de restituci\u00f3n de derechos para sobrevivientes del delito de trata que quedaban en pie. El fondo garantizaba la reparaci\u00f3n econ\u00f3mica a las v\u00edctimas a trav\u00e9s del fideicomiso de bienes [&hellip;]<\/p>\n","protected":false},"author":4,"featured_media":57949,"comment_status":"closed","ping_status":"closed","sticky":false,"template":"","format":"standard","meta":{"footnotes":""},"categories":[438],"tags":[859,1328,587],"class_list":["post-57944","post","type-post","status-publish","format-standard","has-post-thumbnail","hentry","category-politica","tag-ajuste","tag-asistencia-victimas-de-trata","tag-trata-de-personas"],"_links":{"self":[{"href":"https:\/\/fmlatribu.com\/noticias\/wp-json\/wp\/v2\/posts\/57944","targetHints":{"allow":["GET"]}}],"collection":[{"href":"https:\/\/fmlatribu.com\/noticias\/wp-json\/wp\/v2\/posts"}],"about":[{"href":"https:\/\/fmlatribu.com\/noticias\/wp-json\/wp\/v2\/types\/post"}],"author":[{"embeddable":true,"href":"https:\/\/fmlatribu.com\/noticias\/wp-json\/wp\/v2\/users\/4"}],"replies":[{"embeddable":true,"href":"https:\/\/fmlatribu.com\/noticias\/wp-json\/wp\/v2\/comments?post=57944"}],"version-history":[{"count":1,"href":"https:\/\/fmlatribu.com\/noticias\/wp-json\/wp\/v2\/posts\/57944\/revisions"}],"predecessor-version":[{"id":57950,"href":"https:\/\/fmlatribu.com\/noticias\/wp-json\/wp\/v2\/posts\/57944\/revisions\/57950"}],"wp:featuredmedia":[{"embeddable":true,"href":"https:\/\/fmlatribu.com\/noticias\/wp-json\/wp\/v2\/media\/57949"}],"wp:attachment":[{"href":"https:\/\/fmlatribu.com\/noticias\/wp-json\/wp\/v2\/media?parent=57944"}],"wp:term":[{"taxonomy":"category","embeddable":true,"href":"https:\/\/fmlatribu.com\/noticias\/wp-json\/wp\/v2\/categories?post=57944"},{"taxonomy":"post_tag","embeddable":true,"href":"https:\/\/fmlatribu.com\/noticias\/wp-json\/wp\/v2\/tags?post=57944"}],"curies":[{"name":"wp","href":"https:\/\/api.w.org\/{rel}","templated":true}]}}