{"id":57952,"date":"2024-12-13T13:25:45","date_gmt":"2024-12-13T16:25:45","guid":{"rendered":"https:\/\/fmlatribu.com\/noticias\/?p=57952"},"modified":"2025-01-06T10:44:53","modified_gmt":"2025-01-06T13:44:53","slug":"la-legislatura-portena-aprobo-el-boleto-estudiantil-para-el-alumnado-de-educacion-superior","status":"publish","type":"post","link":"https:\/\/fmlatribu.com\/noticias\/la-legislatura-portena-aprobo-el-boleto-estudiantil-para-el-alumnado-de-educacion-superior\/","title":{"rendered":"La Legislatura porte\u00f1a aprob\u00f3 el boleto estudiantil para el alumnado de educaci\u00f3n superior"},"content":{"rendered":"\n<p>En el d\u00eda de ayer se aprob\u00f3 la gratuidad del boleto estudiantil para lxs alumnxs de las universidades, terciarios, profesorados y otras instancias formativas del nivel superior.  El PRO junto a la UCR, Uni\u00f3n por la Patria y la izquierda aprobaron la ampliaci\u00f3n de la ley que hoy rige para niveles iniciales.<\/p>\n\n\n\n<p>La norma establece una modificaci\u00f3n sobre el art\u00edculo 1\u00b0 de la Ley N\u00b0 5.656 que pretende la creaci\u00f3n de un r\u00e9gimen especial de Boleto Estudiantil para los usuarios de servicios p\u00fablicos de la Red de Subterr\u00e1neos de Buenos Aires, Premetro y de Autotransporte P\u00fablico de pasajeros, destinado a alumnos que se encuentren cursando la educaci\u00f3n obligatoria en cualquiera de sus modalidades, estudios terciarios y universitarios en instituciones educativas de la Ciudad Aut\u00f3noma de Buenos Aires, tanto de gesti\u00f3n estatal, gesti\u00f3n social, como de gesti\u00f3n privada con subsidio estatal completo.<\/p>\n\n\n\n<p>Desde el PRO se agregaron dos l\u00edmites al proyecto: <strong>que el alumnado sea residente de la Ciudad de buenos<\/strong>\u00a0y que no perciba m\u00e1s de $1.500.000 de ingresos.<\/p>\n\n\n\n<p>Adem\u00e1s, se aument\u00f3 la cantidad de viajes a utilizar, que pas\u00f3 de los 50 mensuales a un total de 96, siempre que se realicen de lunes a s\u00e1bados y hasta 4 por d\u00eda.\u00a0<\/p>\n\n\n\n<p><strong>Tatiana Fern\u00e1ndez Mart\u00ed,  Consejera Directiva en Filosof\u00eda y Letras UBA, <\/strong>sostuvo que, \u00ab<em>es una lucha hist\u00f3rica que el boleto sea estudiantil para los estudiantes de nivel superior<\/em>. <em>El proyecto fue una s\u00edntesis de distintos proyectos que presentaron diferentes bloques<\/em>\u00ab.<\/p>\n\n\n\n<p><strong>Fern\u00e1ndez Mart\u00ed <\/strong>se\u00f1al\u00f3 tambi\u00e9n que en uno de los proyectos se inclu\u00eda el boleto estudiantil para trabajadorxs docentes y no docentes, pero que finalmente esto no prosper\u00f3.<\/p>\n\n\n\n<figure class=\"wp-block-audio\"><audio controls src=\"https:\/\/fmlatribu.com\/noticias\/wp-content\/uploads\/2024\/12\/entrevista-tatiana-fernandez-marti_0.0-742.0.mp3\"><\/audio><\/figure>\n\n\n\n<div style=\"height:53px\" aria-hidden=\"true\" class=\"wp-block-spacer\"><\/div>\n\n\n\n<p>Producci\u00f3n: Eso que falta<br>Foto: UNLP<\/p>\n\n\n\n<p><\/p>\n","protected":false},"excerpt":{"rendered":"<p>En el d\u00eda de ayer se aprob\u00f3 la gratuidad del boleto estudiantil para lxs alumnxs de las universidades, terciarios, profesorados y otras instancias formativas del nivel superior. El PRO junto a la UCR, Uni\u00f3n por la Patria y la izquierda aprobaron la ampliaci\u00f3n de la ley que hoy rige para niveles iniciales. La norma establece [&hellip;]<\/p>\n","protected":false},"author":4,"featured_media":57953,"comment_status":"closed","ping_status":"closed","sticky":false,"template":"","format":"standard","meta":{"footnotes":""},"categories":[439],"tags":[1329,659],"class_list":["post-57952","post","type-post","status-publish","format-standard","has-post-thumbnail","hentry","category-derecho-a-la-ciudad","tag-boleto-estudiantil","tag-legislatura-portena"],"_links":{"self":[{"href":"https:\/\/fmlatribu.com\/noticias\/wp-json\/wp\/v2\/posts\/57952","targetHints":{"allow":["GET"]}}],"collection":[{"href":"https:\/\/fmlatribu.com\/noticias\/wp-json\/wp\/v2\/posts"}],"about":[{"href":"https:\/\/fmlatribu.com\/noticias\/wp-json\/wp\/v2\/types\/post"}],"author":[{"embeddable":true,"href":"https:\/\/fmlatribu.com\/noticias\/wp-json\/wp\/v2\/users\/4"}],"replies":[{"embeddable":true,"href":"https:\/\/fmlatribu.com\/noticias\/wp-json\/wp\/v2\/comments?post=57952"}],"version-history":[{"count":1,"href":"https:\/\/fmlatribu.com\/noticias\/wp-json\/wp\/v2\/posts\/57952\/revisions"}],"predecessor-version":[{"id":57955,"href":"https:\/\/fmlatribu.com\/noticias\/wp-json\/wp\/v2\/posts\/57952\/revisions\/57955"}],"wp:featuredmedia":[{"embeddable":true,"href":"https:\/\/fmlatribu.com\/noticias\/wp-json\/wp\/v2\/media\/57953"}],"wp:attachment":[{"href":"https:\/\/fmlatribu.com\/noticias\/wp-json\/wp\/v2\/media?parent=57952"}],"wp:term":[{"taxonomy":"category","embeddable":true,"href":"https:\/\/fmlatribu.com\/noticias\/wp-json\/wp\/v2\/categories?post=57952"},{"taxonomy":"post_tag","embeddable":true,"href":"https:\/\/fmlatribu.com\/noticias\/wp-json\/wp\/v2\/tags?post=57952"}],"curies":[{"name":"wp","href":"https:\/\/api.w.org\/{rel}","templated":true}]}}