{"id":58213,"date":"2025-03-24T11:23:08","date_gmt":"2025-03-24T14:23:08","guid":{"rendered":"https:\/\/fmlatribu.com\/noticias\/?p=58213"},"modified":"2025-03-24T21:26:13","modified_gmt":"2025-03-25T00:26:13","slug":"la-comunidad-educativa-en-alerta-tras-intentos-de-censurar-los-actos-del-24-de-marzo","status":"publish","type":"post","link":"https:\/\/fmlatribu.com\/noticias\/la-comunidad-educativa-en-alerta-tras-intentos-de-censurar-los-actos-del-24-de-marzo\/","title":{"rendered":"La comunidad educativa en alerta tras intentos de censurar los actos del 24 de Marzo"},"content":{"rendered":"\n<p><strong>B\u00e1rbara Gallardo, docente e integrante del programa <a href=\"https:\/\/www.instagram.com\/revancharandom\/\" target=\"_blank\" rel=\"noreferrer noopener\">La Revancha<\/a>, <\/strong>trajo su columna de Ciudad al programa especial \u00abMemorai Encendida\u00bb por el 24 de marzo, a 49 a\u00f1os del \u00faltimo golpe c\u00ecvico-militar-eclesi\u00e1stico.Los gremios docentes mayoritarios expresaronr repudio estas \u00faltimas semanas y presentaron una denuncia formal en la Comisi\u00f3n de Derechos Humanos de la Legislatura porte\u00f1a debido a que&nbsp;en algunas escuelas de la Ciudad de Buenos Aires se estaban dando de baja o directamente obviando la realizaci\u00f3n de los actos oficiales por el D\u00eda de la Memoria, la Verdad y la Justicia. Desde el Ministerio de Educaci\u00f3n de la Ciudad se\u00f1alan que la conmemoraci\u00f3n del D\u00eda de la Memoria est\u00e1 en la agenda escolar.<\/p>\n\n\n\n<p><strong>Gallardo<\/strong> afirma que \u00ab<em>La Ciudad de Buenos Aires tiene un dise\u00f1o curricular aparte de los Nacionales, y eso tiene fuerza de Ley. Hasta que no cambien las legislaciones, tenemos ese dise\u00f1o que es ley y que tenemos que respetar nosotrxs como docentes y tambi\u00e9n las conducciones y supervisiones. Nosotrxs y las familias podemos reclamar, tenemos que reclamar que eso suceda en las escuelas. A veces dejamos en mano de la derecha esta cosa de la denuncia, y hay poca gimnasia en ir contra lo que no estamos de acuerdo\u00bb.<\/em><\/p>\n\n\n\n<figure class=\"wp-block-audio\"><audio controls src=\"https:\/\/fmlatribu.com\/noticias\/wp-content\/uploads\/2025\/03\/BARBI-1.mp3\"><\/audio><\/figure>\n\n\n\n<p>Adem\u00e1s, sobre la denuncia de adoctrinamiento,<em> \u00abHay una fuerza militante del conservadurismo y de la derecha que usa esa herramienta tambi\u00e9n, por ejemplo en los espacios de formaci\u00f3n cat\u00f3licos\u00bb.<\/em><\/p>\n\n\n\n<figure class=\"wp-block-audio\"><audio controls src=\"https:\/\/fmlatribu.com\/noticias\/wp-content\/uploads\/2025\/03\/BARBI-2.mp3\"><\/audio><\/figure>\n\n\n\n<p>Por \u00faltimo, <strong>Gallardo <\/strong>aclara que esto pasa tanto en escuelas privadas como p\u00fablicas. En todos los espacios<em> \u00abhay que reclamar para que esto pueda cumplirse. Es imprescindible conocer lo que pasa para poder desarmarlo\u00bb.<\/em><\/p>\n\n\n\n<figure class=\"wp-block-audio\"><audio controls src=\"https:\/\/fmlatribu.com\/noticias\/wp-content\/uploads\/2025\/03\/BARBI-3.mp3\"><\/audio><\/figure>\n\n\n<div class=\"wp-block-image\">\n<figure class=\"aligncenter size-large is-resized\"><img fetchpriority=\"high\" decoding=\"async\" width=\"819\" height=\"1024\" src=\"https:\/\/fmlatribu.com\/noticias\/wp-content\/uploads\/2025\/03\/Memoria-Encendida-24M-2025_2-819x1024.jpg\" alt=\"\" class=\"wp-image-58215\" style=\"width:339px;height:auto\" srcset=\"https:\/\/fmlatribu.com\/noticias\/wp-content\/uploads\/2025\/03\/Memoria-Encendida-24M-2025_2-819x1024.jpg 819w, https:\/\/fmlatribu.com\/noticias\/wp-content\/uploads\/2025\/03\/Memoria-Encendida-24M-2025_2-240x300.jpg 240w, https:\/\/fmlatribu.com\/noticias\/wp-content\/uploads\/2025\/03\/Memoria-Encendida-24M-2025_2-768x960.jpg 768w, https:\/\/fmlatribu.com\/noticias\/wp-content\/uploads\/2025\/03\/Memoria-Encendida-24M-2025_2.jpg 1080w\" sizes=\"(max-width: 819px) 100vw, 819px\" \/><\/figure>\n<\/div>\n\n\n<p>*Producci\u00f3n especial: Memoria encendida, programa por el 24 de marzo de 2025.<\/p>\n","protected":false},"excerpt":{"rendered":"<p>B\u00e1rbara Gallardo, docente e integrante del programa La Revancha, trajo su columna de Ciudad al programa especial \u00abMemorai Encendida\u00bb por el 24 de marzo, a 49 a\u00f1os del \u00faltimo golpe c\u00ecvico-militar-eclesi\u00e1stico.Los gremios docentes mayoritarios expresaronr repudio estas \u00faltimas semanas y presentaron una denuncia formal en la Comisi\u00f3n de Derechos Humanos de la Legislatura porte\u00f1a debido [&hellip;]<\/p>\n","protected":false},"author":3,"featured_media":58214,"comment_status":"closed","ping_status":"closed","sticky":false,"template":"","format":"standard","meta":{"footnotes":""},"categories":[446,438],"tags":[348,927,311],"class_list":["post-58213","post","type-post","status-publish","format-standard","has-post-thumbnail","hentry","category-especiales","category-politica","tag-24-de-marzo","tag-ddhh","tag-educacion"],"_links":{"self":[{"href":"https:\/\/fmlatribu.com\/noticias\/wp-json\/wp\/v2\/posts\/58213","targetHints":{"allow":["GET"]}}],"collection":[{"href":"https:\/\/fmlatribu.com\/noticias\/wp-json\/wp\/v2\/posts"}],"about":[{"href":"https:\/\/fmlatribu.com\/noticias\/wp-json\/wp\/v2\/types\/post"}],"author":[{"embeddable":true,"href":"https:\/\/fmlatribu.com\/noticias\/wp-json\/wp\/v2\/users\/3"}],"replies":[{"embeddable":true,"href":"https:\/\/fmlatribu.com\/noticias\/wp-json\/wp\/v2\/comments?post=58213"}],"version-history":[{"count":3,"href":"https:\/\/fmlatribu.com\/noticias\/wp-json\/wp\/v2\/posts\/58213\/revisions"}],"predecessor-version":[{"id":58309,"href":"https:\/\/fmlatribu.com\/noticias\/wp-json\/wp\/v2\/posts\/58213\/revisions\/58309"}],"wp:featuredmedia":[{"embeddable":true,"href":"https:\/\/fmlatribu.com\/noticias\/wp-json\/wp\/v2\/media\/58214"}],"wp:attachment":[{"href":"https:\/\/fmlatribu.com\/noticias\/wp-json\/wp\/v2\/media?parent=58213"}],"wp:term":[{"taxonomy":"category","embeddable":true,"href":"https:\/\/fmlatribu.com\/noticias\/wp-json\/wp\/v2\/categories?post=58213"},{"taxonomy":"post_tag","embeddable":true,"href":"https:\/\/fmlatribu.com\/noticias\/wp-json\/wp\/v2\/tags?post=58213"}],"curies":[{"name":"wp","href":"https:\/\/api.w.org\/{rel}","templated":true}]}}