{"id":58234,"date":"2025-03-24T13:17:34","date_gmt":"2025-03-24T16:17:34","guid":{"rendered":"https:\/\/fmlatribu.com\/noticias\/?p=58234"},"modified":"2025-04-05T14:34:29","modified_gmt":"2025-04-05T17:34:29","slug":"el-objetivo-del-golpe-era-cambiar-el-orden-socio-economico-e-ir-contra-ciertos-sectores-sociales","status":"publish","type":"post","link":"https:\/\/fmlatribu.com\/noticias\/el-objetivo-del-golpe-era-cambiar-el-orden-socio-economico-e-ir-contra-ciertos-sectores-sociales\/","title":{"rendered":"\u00abEl objetivo del golpe era cambiar el orden socio-econ\u00f3mico e ir contra ciertos sectores sociales\u00bb"},"content":{"rendered":"\n<p><strong>Felipe Pigna<\/strong>, historiador argentino, divulgador y profesor de historia, hace un an\u00e1lisis de la fecha y los motivos de la llegada del golpe militar en el a\u00f1o 1976: <em>\u00abFundamentalmente querian cambiar el orden socio-econ\u00f3mico del pa\u00eds  y combatir a la gente que le parec\u00eda peligrosa, sin dejar de reprimir a la guerrilla, a los sectores sociales m\u00e1s combativos: sindicatos, organizaciones sociales, el trabajo territorial en los barrios, los curas villeros, que son los que integraron una parte importante de la n\u00f3mina de los desaparecidos\u00bb. <\/em><\/p>\n\n\n\n<blockquote class=\"wp-block-quote is-layout-flow wp-block-quote-is-layout-flow\">\n<p>En la \u00faltima etapa la guerrilla fue en algun punto funcional a lo que pas\u00f3, estaba en una acci\u00f3n militarista fuerte y descolgada de la acci\u00f3n pol\u00edtica, y perdi\u00f3 contacto con las bases. Esa desconexi\u00f3n la fue aislando, tom\u00f3 un camino muy militarista y fue funcional a lo que quer\u00eda el poder, una excusa para cambiar el rumbo socio-econ\u00f3mico de la Argentina.<\/p>\n<\/blockquote>\n\n\n\n<figure class=\"wp-block-audio\"><audio controls src=\"https:\/\/fmlatribu.com\/noticias\/wp-content\/uploads\/2025\/03\/FELIPE-1.mp3\"><\/audio><\/figure>\n\n\n\n<p>Adem\u00e1s, citando a Portantiero, soci\u00f3logo argentino, <strong> Pigna <\/strong>repone la idea del empate t\u00e1ctico, que es que<em> \u00abse lleg\u00f3 al 50% de la redistribuci\u00f3n de ingresos entre los trabajadores y los sectores de poder, los sectores econ\u00f3micos m\u00e1s pudientes. Y cada vez que se alcanz\u00f3 el empate en nuestro pa\u00eds, el poder reaccion\u00f3 siempre violentamente\u00bb.<\/em><\/p>\n\n\n\n<figure class=\"wp-block-audio\"><audio controls src=\"https:\/\/fmlatribu.com\/noticias\/wp-content\/uploads\/2025\/03\/FELIPE-2.mp3\"><\/audio><\/figure>\n\n\n\n<p>Por otro lado, sobre las resonancias de la dictadura en el discurso de La Libertad Avanza, <strong>Pigna<\/strong> comenta que<em> \u00abse repiten las mismas consinfgnas de la dictadura con otro car\u00e1cter, la cosa mig\u00f3nica, racista, desconfiada de la cultura. Ellos tienen un odio muy grande por la cultura. Me enoja cuando se los subestima porque hay mcuha gente que sab\u00eda lo que estaba haciedno, y con una efectividad muy grande. Cumpli\u00f3 su cometido de crear un terror que se instalaba en al gente y como no se sab\u00eda lo que se podia decir y lo que no, terminaba no hablando\u00bb.<\/em><\/p>\n\n\n\n<figure class=\"wp-block-audio\"><audio controls src=\"https:\/\/fmlatribu.com\/noticias\/wp-content\/uploads\/2025\/03\/FELIPE-3.mp3\"><\/audio><\/figure>\n\n\n\n<p>Por \u00faltimo, en relaci\u00f3n a la resistencia vinculada a la dictadura, el historiador analiza y enfoca en la resistencia obrera: <em>\u00abHubo resistencia armada, desde lo cultural, y una de las m\u00e1s importantes y de la que menos se habla, es la resistencia obrera. Entre 1976 y 1978, 200 actos de resistencia en f\u00e1bricas y lugares de trabajo que a mucha gente le costaron la vida. Hubo mucha resistencia obrera mientras una gran parte de la burocracia sindical miraba para otro lado\u00bb.<\/em><\/p>\n\n\n\n<figure class=\"wp-block-audio\"><audio controls src=\"https:\/\/fmlatribu.com\/noticias\/wp-content\/uploads\/2025\/03\/FELIPE-4.mp3\"><\/audio><\/figure>\n\n\n<div class=\"wp-block-image\">\n<figure class=\"aligncenter size-large is-resized\"><img fetchpriority=\"high\" decoding=\"async\" width=\"819\" height=\"1024\" src=\"https:\/\/fmlatribu.com\/noticias\/wp-content\/uploads\/2025\/03\/Memoria-Encendida-24M-2025_2-819x1024.jpg\" alt=\"\" class=\"wp-image-58215\" style=\"width:290px;height:auto\" srcset=\"https:\/\/fmlatribu.com\/noticias\/wp-content\/uploads\/2025\/03\/Memoria-Encendida-24M-2025_2-819x1024.jpg 819w, https:\/\/fmlatribu.com\/noticias\/wp-content\/uploads\/2025\/03\/Memoria-Encendida-24M-2025_2-240x300.jpg 240w, https:\/\/fmlatribu.com\/noticias\/wp-content\/uploads\/2025\/03\/Memoria-Encendida-24M-2025_2-768x960.jpg 768w, https:\/\/fmlatribu.com\/noticias\/wp-content\/uploads\/2025\/03\/Memoria-Encendida-24M-2025_2.jpg 1080w\" sizes=\"(max-width: 819px) 100vw, 819px\" \/><\/figure>\n<\/div>\n\n\n<p>*Producci\u00f3n especial: Memoria encendida, programa por el 24 de marzo de 2025.<\/p>\n","protected":false},"excerpt":{"rendered":"<p>Felipe Pigna, historiador argentino, divulgador y profesor de historia, hace un an\u00e1lisis de la fecha y los motivos de la llegada del golpe militar en el a\u00f1o 1976: \u00abFundamentalmente querian cambiar el orden socio-econ\u00f3mico del pa\u00eds y combatir a la gente que le parec\u00eda peligrosa, sin dejar de reprimir a la guerrilla, a los sectores [&hellip;]<\/p>\n","protected":false},"author":3,"featured_media":58235,"comment_status":"closed","ping_status":"closed","sticky":false,"template":"","format":"standard","meta":{"footnotes":""},"categories":[446,438],"tags":[348,927,653,1395,1397,1396],"class_list":["post-58234","post","type-post","status-publish","format-standard","has-post-thumbnail","hentry","category-especiales","category-politica","tag-24-de-marzo","tag-ddhh","tag-dictadura","tag-felipe-pigna","tag-golpe-civico-militar-eclesiastico","tag-historia"],"_links":{"self":[{"href":"https:\/\/fmlatribu.com\/noticias\/wp-json\/wp\/v2\/posts\/58234","targetHints":{"allow":["GET"]}}],"collection":[{"href":"https:\/\/fmlatribu.com\/noticias\/wp-json\/wp\/v2\/posts"}],"about":[{"href":"https:\/\/fmlatribu.com\/noticias\/wp-json\/wp\/v2\/types\/post"}],"author":[{"embeddable":true,"href":"https:\/\/fmlatribu.com\/noticias\/wp-json\/wp\/v2\/users\/3"}],"replies":[{"embeddable":true,"href":"https:\/\/fmlatribu.com\/noticias\/wp-json\/wp\/v2\/comments?post=58234"}],"version-history":[{"count":10,"href":"https:\/\/fmlatribu.com\/noticias\/wp-json\/wp\/v2\/posts\/58234\/revisions"}],"predecessor-version":[{"id":58306,"href":"https:\/\/fmlatribu.com\/noticias\/wp-json\/wp\/v2\/posts\/58234\/revisions\/58306"}],"wp:featuredmedia":[{"embeddable":true,"href":"https:\/\/fmlatribu.com\/noticias\/wp-json\/wp\/v2\/media\/58235"}],"wp:attachment":[{"href":"https:\/\/fmlatribu.com\/noticias\/wp-json\/wp\/v2\/media?parent=58234"}],"wp:term":[{"taxonomy":"category","embeddable":true,"href":"https:\/\/fmlatribu.com\/noticias\/wp-json\/wp\/v2\/categories?post=58234"},{"taxonomy":"post_tag","embeddable":true,"href":"https:\/\/fmlatribu.com\/noticias\/wp-json\/wp\/v2\/tags?post=58234"}],"curies":[{"name":"wp","href":"https:\/\/api.w.org\/{rel}","templated":true}]}}