{"id":58265,"date":"2025-03-24T20:32:08","date_gmt":"2025-03-24T23:32:08","guid":{"rendered":"https:\/\/fmlatribu.com\/noticias\/?p=58265"},"modified":"2025-04-05T14:34:29","modified_gmt":"2025-04-05T17:34:29","slug":"el-gobierno-ordeno-la-desclasificacion-de-los-archivos-de-la-side-sobre-la-ultima-dictadura","status":"publish","type":"post","link":"https:\/\/fmlatribu.com\/noticias\/el-gobierno-ordeno-la-desclasificacion-de-los-archivos-de-la-side-sobre-la-ultima-dictadura\/","title":{"rendered":"El gobierno orden\u00f3 la desclasificaci\u00f3n de los archivos de la SIDE sobre la \u00faltima dictadura"},"content":{"rendered":"\n<p>En el marco del 49\u00ba Aniversario del \u00faltimo golpe c\u00edvico-militar-eclesi\u00e1stico del 24 de marzo de 1976, el vocero presidencial, Manuel Adorni anunci\u00f3 que el Gobierno desclasificar\u00e1 todos los archivos vinculados con el accionar de las fuerzas armadas y los grupos guerrilleros durante la \u00faltima dictadura c\u00edvico-militar. Los archivos pasar\u00edan entonces de la SIDE al Archivo General de la Naci\u00f3n.<\/p>\n\n\n\n<p>\u201cOrdenamos la desclasificaci\u00f3n total de toda la informaci\u00f3n vinculada al accionar de las fuerzas, as\u00ed como toda otra documentaci\u00f3n producida en otros per\u00edodos pero relacionada\u201d, detall\u00f3 el funcionario en un mensaje.<\/p>\n\n\n\n<p><strong>Fernando Tebele<\/strong>, integrante de La Retaguardia,\u00a0emisora desde la que se transmiten los juicios de lesa humanidad, analiza el comunicado de la desclasificaci\u00f3n y afirma que<em> \u00ab<em>En el documento unificado hoy se volver\u00e1 a exigir la repaertura de todos los archivos desde el 74 hasta el 83.<\/em> De todas formas, en la Argentina hay una discusi\u00f3n latente hoy, inclusive dentro de los propios organismos. Algunxs dicen que no hay nadie sentado en el Archivo ocult\u00e1ndolos, lo que se encontr\u00f3 se desclasific\u00f3. Otros sectores dicen que no se abri\u00f3 todo y que quedan muchos documentos por conocer. Incluso que la SIDE no solo tenia sus propios archivos sino que tenia copias de todos los servicios de inteligencia de otras fuerzas, con lo cual es una usina informativa impactante\u00bb.<\/em><\/p>\n\n\n\n<figure class=\"wp-block-audio\"><audio controls src=\"https:\/\/fmlatribu.com\/noticias\/wp-content\/uploads\/2025\/03\/TEBELE-1.mp3\"><\/audio><\/figure>\n\n\n\n<p><strong>Tebele<\/strong> marca que en los juicios, estos archivos son fundamentales para las condenas:<em> \u00abSon documentos claves para los juicios que fueron hallados y que fueron organizados por las \u00e1reas de trabajadorxs que ahora han sido desmanteladas. La primera pregunta es: si se van a abrir archivos que no estaban abiertos, \u00bfqui\u00e9n los va a organizar? Para que tengan valor hist\u00f3rico, deben ser procesados por alguien. Hoy esas \u00e1reas con trabajadorxs dedicados a esto para armar rompecabezas y darles un sentido a esos archivos, no existen\u00bb. <\/em><\/p>\n\n\n\n<figure class=\"wp-block-audio\"><audio controls src=\"https:\/\/fmlatribu.com\/noticias\/wp-content\/uploads\/2025\/03\/TEBELE-2.mp3\"><\/audio><\/figure>\n\n\n\n<blockquote class=\"wp-block-quote is-layout-flow wp-block-quote-is-layout-flow\">\n<p>Tenemos un gobierno que intenta construir su historia pero a no a partir de verdades sino que toman hechos de la realidad e intentan construir una realidad que no fue, generalizando situaciones que fueron puntuales y tremendas. Este gobierno no construye su relato desde la verdad, m\u00e1s alla de las subjetividades de cada grupo pol\u00edtico. El gobierno intenta manipular la historia de un modo tal que termina utilizando como insumo cosas que no son reales.<\/p>\n<\/blockquote>\n\n\n\n<p>Sobre las versiones de la historia siempre puestas en primer plano en esta fecha, el integrante de <strong>La Retaguardia<\/strong> reflexiona: \u00ab<em>Los periodistas lo sabemos mejor que nadie, un mismo hecho noticioso puede ser abordado de maneras diferentes depende quien lo aborde desde su subjetividad. Cuando el gobierno actual acusa a anteriores por tener mirada sesgada, tienen raz\u00f3n, como tambi\u00e9n la tenemos nosotros, porque ellos tienen la misma mirada sesgada sobre esos hechos. Lo que hay que preguntaste es si esos relatos, de cualquier lado, est\u00e1n construidos con verdades o mentiras\u00bb. <\/em><\/p>\n\n\n\n<p>\u00ab<em>Con el paso del tiempo la lectura es la misma, la historia ha sido contada con la verdasd y fue ratificada en cientos de juicios de lesa humanidad, y a pesar de los cambios de gobierno, la justicia no cambia su lectura. Sigue ratificando que en la Argentina ha habido crimenes de lesa humanidad que tienen que ser juzgados, ahi hay una verdad clara\u00bb<\/em>, agrega <strong>Tebele<\/strong>.<\/p>\n\n\n\n<figure class=\"wp-block-audio\"><audio controls src=\"https:\/\/fmlatribu.com\/noticias\/wp-content\/uploads\/2025\/03\/TEBELE-3.mp3\"><\/audio><\/figure>\n\n\n\n<p>Por \u00faltimo, <a href=\"https:\/\/www.instagram.com\/p\/DHlfMUDpWLI\/\" target=\"_blank\" rel=\"noreferrer noopener\">casos como el de Mar\u00eda Ester Ramirez<\/a>, ratifican la importancia y el valor de los juicios de lesa humanidad y el seguir cubri\u00e9ndolos como medio: <em>\u00abQue las v\u00edctimas puedan reparar aquello que se puede reparar con un juicio o con la publicidad de su testimonio, para nosotros es razon suficiente para seguir generando este archivo que estamos generando\u00bb.<\/em><\/p>\n\n\n\n<figure class=\"wp-block-audio\"><audio controls src=\"https:\/\/fmlatribu.com\/noticias\/wp-content\/uploads\/2025\/03\/TEBELE-4.mp3\"><\/audio><\/figure>\n\n\n<div class=\"wp-block-image\">\n<figure class=\"aligncenter size-large is-resized\"><img decoding=\"async\" src=\"https:\/\/fmlatribu.com\/noticias\/wp-content\/uploads\/2025\/03\/Memoria-Encendida-24M-2025_2-4-819x1024.jpg\" alt=\"\" class=\"wp-image-58266\" style=\"width:312px;height:auto\"\/><\/figure>\n<\/div>\n\n\n<p>*Producci\u00f3n especial: Memoria encendida, programa por el 24 de marzo de 2025.<\/p>\n","protected":false},"excerpt":{"rendered":"<p>En el marco del 49\u00ba Aniversario del \u00faltimo golpe c\u00edvico-militar-eclesi\u00e1stico del 24 de marzo de 1976, el vocero presidencial, Manuel Adorni anunci\u00f3 que el Gobierno desclasificar\u00e1 todos los archivos vinculados con el accionar de las fuerzas armadas y los grupos guerrilleros durante la \u00faltima dictadura c\u00edvico-militar. Los archivos pasar\u00edan entonces de la SIDE al Archivo [&hellip;]<\/p>\n","protected":false},"author":3,"featured_media":58275,"comment_status":"closed","ping_status":"closed","sticky":false,"template":"","format":"standard","meta":{"footnotes":""},"categories":[446],"tags":[348,927,1399,770,602,1400,964,965],"class_list":["post-58265","post","type-post","status-publish","format-standard","has-post-thumbnail","hentry","category-especiales","tag-24-de-marzo","tag-ddhh","tag-desclasificacion-de-archivos","tag-juicios-de-lesa-humanidad","tag-justicia","tag-la-retaguardia","tag-memoria","tag-verdad"],"_links":{"self":[{"href":"https:\/\/fmlatribu.com\/noticias\/wp-json\/wp\/v2\/posts\/58265","targetHints":{"allow":["GET"]}}],"collection":[{"href":"https:\/\/fmlatribu.com\/noticias\/wp-json\/wp\/v2\/posts"}],"about":[{"href":"https:\/\/fmlatribu.com\/noticias\/wp-json\/wp\/v2\/types\/post"}],"author":[{"embeddable":true,"href":"https:\/\/fmlatribu.com\/noticias\/wp-json\/wp\/v2\/users\/3"}],"replies":[{"embeddable":true,"href":"https:\/\/fmlatribu.com\/noticias\/wp-json\/wp\/v2\/comments?post=58265"}],"version-history":[{"count":8,"href":"https:\/\/fmlatribu.com\/noticias\/wp-json\/wp\/v2\/posts\/58265\/revisions"}],"predecessor-version":[{"id":58280,"href":"https:\/\/fmlatribu.com\/noticias\/wp-json\/wp\/v2\/posts\/58265\/revisions\/58280"}],"wp:featuredmedia":[{"embeddable":true,"href":"https:\/\/fmlatribu.com\/noticias\/wp-json\/wp\/v2\/media\/58275"}],"wp:attachment":[{"href":"https:\/\/fmlatribu.com\/noticias\/wp-json\/wp\/v2\/media?parent=58265"}],"wp:term":[{"taxonomy":"category","embeddable":true,"href":"https:\/\/fmlatribu.com\/noticias\/wp-json\/wp\/v2\/categories?post=58265"},{"taxonomy":"post_tag","embeddable":true,"href":"https:\/\/fmlatribu.com\/noticias\/wp-json\/wp\/v2\/tags?post=58265"}],"curies":[{"name":"wp","href":"https:\/\/api.w.org\/{rel}","templated":true}]}}