{"id":58281,"date":"2025-03-24T21:04:48","date_gmt":"2025-03-25T00:04:48","guid":{"rendered":"https:\/\/fmlatribu.com\/noticias\/?p=58281"},"modified":"2025-04-05T14:34:29","modified_gmt":"2025-04-05T17:34:29","slug":"ahora-mas-que-nunca-decimos-nunca-mas","status":"publish","type":"post","link":"https:\/\/fmlatribu.com\/noticias\/ahora-mas-que-nunca-decimos-nunca-mas\/","title":{"rendered":"Ahora m\u00e1s que nunca decimos NUNCA M\u00c1S"},"content":{"rendered":"\n<p>El documento unificado leido en la Plaza de Mayo como parte del 49\u00ba aniversario del \u00faltimo golpe c\u00edvico-militar-eclesi\u00e1stico volvi\u00f3 a exigir que nos digan: \u00bfD\u00f3nde est\u00e1n?.<\/p>\n\n\n\n<p>Madres, Abuelas de Plaza de Mayo y organismos de DD.HH. apuntaron contra las pol\u00edticas negacionistas del gobierno de Javier Milei, exigieron juicio y castigo a los genocidas y la desclasificaci\u00f3n de archivos para conocer d\u00f3nde est\u00e1n los beb\u00e9s apropiados y las personas desaparecidas. \u00a0<\/p>\n\n\n\n<p><strong>Estela de Carlotto<\/strong>, presidenta de Abuelas de Plaza de Mayo, pidi\u00f3 <em>\u00abde toda la sociedad\u00bb <\/em>para encontrar a los nietos y las nietas que todav\u00eda no restituyeron su identidad y record\u00f3 que el nieto 138 y la nieta 139 nunca hab\u00edan sospechado de su origen<em>. \u00abLa apropiaci\u00f3n es una desaparici\u00f3n forzada, y hasta tanto no se conozca la identidad, se sigue cometiendo. Necesitamos de toda la sociedad para encontrarlos a todos, nunca es tarde\u00bb, <\/em>remarc\u00f3 la activista por los derechos humanos, y pidi\u00f3 que las personas con dudas sobre su identidad se acerquen a la organizaci\u00f3n. Remarc\u00f3 que: <em>\u00absus familias tienen derecho a la verdad y al reencuentro. El Estado debe garantizar la restituci\u00f3n de la identidad de los nietos y nietas\u00bb.<\/em><\/p>\n\n\n\n<figure class=\"wp-block-audio\"><audio controls src=\"https:\/\/fmlatribu.com\/noticias\/wp-content\/uploads\/2025\/03\/ESTELA-DE-CARLOTTO-1.mp3\"><\/audio><\/figure>\n\n\n\n<p><strong>Adolfo P\u00e9rez Esquivel,<\/strong> Premio Nobel de la Paz, por su parte, invoc\u00f3 algunas partes de la canci\u00f3n La Memoria de Le\u00f3n Gieco, denunci\u00f3 la situaci\u00f3n de pobreza en la que viven cada vez m\u00e1s familias, el vacimiento de pol\u00edticas de asistencia a los m\u00e1s vulnerados, rechaz\u00f3 los despidos y vaciamiento de la salud y educaci\u00f3n p\u00fablicas: <em>\u00abVaciar es cerrar\u00bb.<\/em><\/p>\n\n\n\n<figure class=\"wp-block-audio\"><audio controls src=\"https:\/\/fmlatribu.com\/noticias\/wp-content\/uploads\/2025\/03\/PEREZ-ESQUIVEL-1.mp3\"><\/audio><\/figure>\n\n\n\n<p><strong>Taty Almeida, <\/strong>de Madres de Plaza de Mayo L\u00ednea Fundadora,<strong> <\/strong>cerr\u00f3 afirmando:<em> \u00abRealmente esta marcha va a ser hist\u00f3rica, porque logramos la unidad despu\u00e9s de mucho tiempo. Estamos demostrando con los hechos no con las palabras, que un pueblo unido, jam\u00e1s ser\u00e1 vencido. No nos han vencido\u00bb<\/em>.<\/p>\n\n\n\n<figure class=\"wp-block-audio\"><audio controls src=\"https:\/\/fmlatribu.com\/noticias\/wp-content\/uploads\/2025\/03\/TATI-ALMEIDA-1.mp3\"><\/audio><\/figure>\n\n\n\n<figure class=\"wp-block-gallery has-nested-images columns-default is-cropped wp-block-gallery-1 is-layout-flex wp-block-gallery-is-layout-flex\">\n<figure class=\"wp-block-image size-large\"><img fetchpriority=\"high\" decoding=\"async\" width=\"1024\" height=\"768\" data-id=\"58283\" src=\"https:\/\/fmlatribu.com\/noticias\/wp-content\/uploads\/2025\/03\/WhatsApp-Image-2025-03-24-at-16.32.45-1024x768.jpeg\" alt=\"\" class=\"wp-image-58283\" srcset=\"https:\/\/fmlatribu.com\/noticias\/wp-content\/uploads\/2025\/03\/WhatsApp-Image-2025-03-24-at-16.32.45-1024x768.jpeg 1024w, https:\/\/fmlatribu.com\/noticias\/wp-content\/uploads\/2025\/03\/WhatsApp-Image-2025-03-24-at-16.32.45-300x225.jpeg 300w, https:\/\/fmlatribu.com\/noticias\/wp-content\/uploads\/2025\/03\/WhatsApp-Image-2025-03-24-at-16.32.45-768x576.jpeg 768w, https:\/\/fmlatribu.com\/noticias\/wp-content\/uploads\/2025\/03\/WhatsApp-Image-2025-03-24-at-16.32.45-1536x1152.jpeg 1536w, https:\/\/fmlatribu.com\/noticias\/wp-content\/uploads\/2025\/03\/WhatsApp-Image-2025-03-24-at-16.32.45.jpeg 1600w\" sizes=\"(max-width: 1024px) 100vw, 1024px\" \/><\/figure>\n\n\n\n<figure class=\"wp-block-image size-large\"><img decoding=\"async\" width=\"768\" height=\"1024\" data-id=\"58285\" src=\"https:\/\/fmlatribu.com\/noticias\/wp-content\/uploads\/2025\/03\/WhatsApp-Image-2025-03-24-at-16.32.47-768x1024.jpeg\" alt=\"\" class=\"wp-image-58285\" srcset=\"https:\/\/fmlatribu.com\/noticias\/wp-content\/uploads\/2025\/03\/WhatsApp-Image-2025-03-24-at-16.32.47-768x1024.jpeg 768w, https:\/\/fmlatribu.com\/noticias\/wp-content\/uploads\/2025\/03\/WhatsApp-Image-2025-03-24-at-16.32.47-225x300.jpeg 225w, https:\/\/fmlatribu.com\/noticias\/wp-content\/uploads\/2025\/03\/WhatsApp-Image-2025-03-24-at-16.32.47-1152x1536.jpeg 1152w, https:\/\/fmlatribu.com\/noticias\/wp-content\/uploads\/2025\/03\/WhatsApp-Image-2025-03-24-at-16.32.47.jpeg 1200w\" sizes=\"(max-width: 768px) 100vw, 768px\" \/><\/figure>\n\n\n\n<figure class=\"wp-block-image size-large\"><img decoding=\"async\" width=\"768\" height=\"1024\" data-id=\"58286\" src=\"https:\/\/fmlatribu.com\/noticias\/wp-content\/uploads\/2025\/03\/WhatsApp-Image-2025-03-24-at-16.44.20-768x1024.jpeg\" alt=\"\" class=\"wp-image-58286\" srcset=\"https:\/\/fmlatribu.com\/noticias\/wp-content\/uploads\/2025\/03\/WhatsApp-Image-2025-03-24-at-16.44.20-768x1024.jpeg 768w, https:\/\/fmlatribu.com\/noticias\/wp-content\/uploads\/2025\/03\/WhatsApp-Image-2025-03-24-at-16.44.20-225x300.jpeg 225w, https:\/\/fmlatribu.com\/noticias\/wp-content\/uploads\/2025\/03\/WhatsApp-Image-2025-03-24-at-16.44.20-1152x1536.jpeg 1152w, https:\/\/fmlatribu.com\/noticias\/wp-content\/uploads\/2025\/03\/WhatsApp-Image-2025-03-24-at-16.44.20.jpeg 1200w\" sizes=\"(max-width: 768px) 100vw, 768px\" \/><\/figure>\n\n\n\n<figure class=\"wp-block-image size-large\"><img loading=\"lazy\" decoding=\"async\" width=\"768\" height=\"1024\" data-id=\"58288\" src=\"https:\/\/fmlatribu.com\/noticias\/wp-content\/uploads\/2025\/03\/WhatsApp-Image-2025-03-24-at-16.51.47-768x1024.jpeg\" alt=\"\" class=\"wp-image-58288\" srcset=\"https:\/\/fmlatribu.com\/noticias\/wp-content\/uploads\/2025\/03\/WhatsApp-Image-2025-03-24-at-16.51.47-768x1024.jpeg 768w, https:\/\/fmlatribu.com\/noticias\/wp-content\/uploads\/2025\/03\/WhatsApp-Image-2025-03-24-at-16.51.47-225x300.jpeg 225w, https:\/\/fmlatribu.com\/noticias\/wp-content\/uploads\/2025\/03\/WhatsApp-Image-2025-03-24-at-16.51.47-1152x1536.jpeg 1152w, https:\/\/fmlatribu.com\/noticias\/wp-content\/uploads\/2025\/03\/WhatsApp-Image-2025-03-24-at-16.51.47.jpeg 1200w\" sizes=\"(max-width: 768px) 100vw, 768px\" \/><\/figure>\n\n\n\n<figure class=\"wp-block-image size-large\"><img loading=\"lazy\" decoding=\"async\" width=\"768\" height=\"1024\" data-id=\"58284\" src=\"https:\/\/fmlatribu.com\/noticias\/wp-content\/uploads\/2025\/03\/WhatsApp-Image-2025-03-24-at-16.59.51-768x1024.jpeg\" alt=\"\" class=\"wp-image-58284\" srcset=\"https:\/\/fmlatribu.com\/noticias\/wp-content\/uploads\/2025\/03\/WhatsApp-Image-2025-03-24-at-16.59.51-768x1024.jpeg 768w, https:\/\/fmlatribu.com\/noticias\/wp-content\/uploads\/2025\/03\/WhatsApp-Image-2025-03-24-at-16.59.51-225x300.jpeg 225w, https:\/\/fmlatribu.com\/noticias\/wp-content\/uploads\/2025\/03\/WhatsApp-Image-2025-03-24-at-16.59.51-1152x1536.jpeg 1152w, https:\/\/fmlatribu.com\/noticias\/wp-content\/uploads\/2025\/03\/WhatsApp-Image-2025-03-24-at-16.59.51.jpeg 1200w\" sizes=\"(max-width: 768px) 100vw, 768px\" \/><\/figure>\n\n\n\n<figure class=\"wp-block-image size-large\"><img loading=\"lazy\" decoding=\"async\" width=\"768\" height=\"1024\" data-id=\"58287\" src=\"https:\/\/fmlatribu.com\/noticias\/wp-content\/uploads\/2025\/03\/WhatsApp-Image-2025-03-24-at-16.59.52-768x1024.jpeg\" alt=\"\" class=\"wp-image-58287\" srcset=\"https:\/\/fmlatribu.com\/noticias\/wp-content\/uploads\/2025\/03\/WhatsApp-Image-2025-03-24-at-16.59.52-768x1024.jpeg 768w, https:\/\/fmlatribu.com\/noticias\/wp-content\/uploads\/2025\/03\/WhatsApp-Image-2025-03-24-at-16.59.52-225x300.jpeg 225w, https:\/\/fmlatribu.com\/noticias\/wp-content\/uploads\/2025\/03\/WhatsApp-Image-2025-03-24-at-16.59.52-1152x1536.jpeg 1152w, https:\/\/fmlatribu.com\/noticias\/wp-content\/uploads\/2025\/03\/WhatsApp-Image-2025-03-24-at-16.59.52.jpeg 1200w\" sizes=\"(max-width: 768px) 100vw, 768px\" \/><\/figure>\n<\/figure>\n","protected":false},"excerpt":{"rendered":"<p>El documento unificado leido en la Plaza de Mayo como parte del 49\u00ba aniversario del \u00faltimo golpe c\u00edvico-militar-eclesi\u00e1stico volvi\u00f3 a exigir que nos digan: \u00bfD\u00f3nde est\u00e1n?. Madres, Abuelas de Plaza de Mayo y organismos de DD.HH. apuntaron contra las pol\u00edticas negacionistas del gobierno de Javier Milei, exigieron juicio y castigo a los genocidas y la [&hellip;]<\/p>\n","protected":false},"author":3,"featured_media":58289,"comment_status":"closed","ping_status":"closed","sticky":false,"template":"","format":"standard","meta":{"footnotes":""},"categories":[446,438],"tags":[348,1401,927,1403,602,964,1402,965],"class_list":["post-58281","post","type-post","status-publish","format-standard","has-post-thumbnail","hentry","category-especiales","category-politica","tag-24-de-marzo","tag-adolfo-perez-esquivel","tag-ddhh","tag-estela-de-carlotto","tag-justicia","tag-memoria","tag-taty-almeida","tag-verdad"],"_links":{"self":[{"href":"https:\/\/fmlatribu.com\/noticias\/wp-json\/wp\/v2\/posts\/58281","targetHints":{"allow":["GET"]}}],"collection":[{"href":"https:\/\/fmlatribu.com\/noticias\/wp-json\/wp\/v2\/posts"}],"about":[{"href":"https:\/\/fmlatribu.com\/noticias\/wp-json\/wp\/v2\/types\/post"}],"author":[{"embeddable":true,"href":"https:\/\/fmlatribu.com\/noticias\/wp-json\/wp\/v2\/users\/3"}],"replies":[{"embeddable":true,"href":"https:\/\/fmlatribu.com\/noticias\/wp-json\/wp\/v2\/comments?post=58281"}],"version-history":[{"count":9,"href":"https:\/\/fmlatribu.com\/noticias\/wp-json\/wp\/v2\/posts\/58281\/revisions"}],"predecessor-version":[{"id":58303,"href":"https:\/\/fmlatribu.com\/noticias\/wp-json\/wp\/v2\/posts\/58281\/revisions\/58303"}],"wp:featuredmedia":[{"embeddable":true,"href":"https:\/\/fmlatribu.com\/noticias\/wp-json\/wp\/v2\/media\/58289"}],"wp:attachment":[{"href":"https:\/\/fmlatribu.com\/noticias\/wp-json\/wp\/v2\/media?parent=58281"}],"wp:term":[{"taxonomy":"category","embeddable":true,"href":"https:\/\/fmlatribu.com\/noticias\/wp-json\/wp\/v2\/categories?post=58281"},{"taxonomy":"post_tag","embeddable":true,"href":"https:\/\/fmlatribu.com\/noticias\/wp-json\/wp\/v2\/tags?post=58281"}],"curies":[{"name":"wp","href":"https:\/\/api.w.org\/{rel}","templated":true}]}}