{"id":58327,"date":"2025-03-28T09:07:01","date_gmt":"2025-03-28T12:07:01","guid":{"rendered":"https:\/\/fmlatribu.com\/noticias\/?p=58327"},"modified":"2025-03-28T09:07:06","modified_gmt":"2025-03-28T12:07:06","slug":"atacaron-a-una-militante-de-hijos-en-jujuy-durante-la-marcha-del-24-de-marzo","status":"publish","type":"post","link":"https:\/\/fmlatribu.com\/noticias\/atacaron-a-una-militante-de-hijos-en-jujuy-durante-la-marcha-del-24-de-marzo\/","title":{"rendered":"Atacaron a una militante de HIJOS en Jujuy durante la marcha del 24 de marzo"},"content":{"rendered":"\n<p>El pasado lunes 24 de marzo, en la marcha del D\u00eda Nacional de la Memoria, por la Verdad y la Justicia en la ciudad de Jujuy, Liliana Condor\u00ed, hija del ex preso pol\u00edtico Hugo Condor\u00ed, fue herida en la cabeza por una piedra arrojada durante la movilizaci\u00f3n. Desde HIJOS Jujuy advirtieron que este ataque no es un hecho aislado ya que, el a\u00f1o pasado tambi\u00e9n en la marcha del 24 de Marzo, desde los monoblock de calle Gorriti esquina San Mart\u00edn de la ciudad de Jujuy, arrojaron l\u00edquidos a quienes pasaban en las columnas.<\/p>\n\n\n\n<p><strong>Liliana Condor\u00ed<\/strong> se refiri\u00f3 a los hechos y coment\u00f3 que, \u00abevidentemente la piedra caus\u00f3 un da\u00f1o en mi cabeza. Fui atendida ah\u00ed por el personal de de del SAME. Pero estoy todav\u00eda consternada y pensando en este hecho que no es un hecho aislado y ya vemos como los mensajes de odio est\u00e1n prendiendo a la sociedad. Me parece que se quiere desconocer lo que fue la historia de los 30.000 desaparecidos y desaparecidas, aunque ac\u00e1 en la provincia, todav\u00eda tenemos m\u00e1s de 140 desaparecidos y desaparecidas, que son los que conmemoramos cada vez que hacemos las vigilias del 24\u00bb.<\/p>\n\n\n\n<figure class=\"wp-block-audio\"><audio controls src=\"https:\/\/fmlatribu.com\/noticias\/wp-content\/uploads\/2025\/03\/LILIANA_01.mp3\"><\/audio><\/figure>\n\n\n\n<p>Al no tratarse de un hecho aislado <strong>Liliana <\/strong>reflexion\u00f3 sobre los hechos y afirm\u00f3 que \u00abla sociedad no ha aprendido mucho de las luchas que se dieron en esos tiempos, qui\u00e9nes fueron nuestros padres y nosotras las familias enteras que hemos sido v\u00edctimas tambi\u00e9n de la dictadura militar. Pero m\u00e1s all\u00e1 de las historias personales me parece la valoraci\u00f3n de lo que conseguimos gracias a esas luchas. Esta es una provincia que desde el a\u00f1o en el 2024 qued\u00f3 totalmente pintada de violeta y lo que m\u00e1s me preocupa es que se est\u00e1n alineando con el discurso del gobierno nacional, no solo qui\u00e9nes militan a los libertarios, sino tambi\u00e9n algunos municipios para alinearse con el gobierno nacional han cortado este algunas asistencias y cosas que se le daba a la gente\u00bb.<\/p>\n\n\n\n<figure class=\"wp-block-audio\"><audio controls src=\"https:\/\/fmlatribu.com\/noticias\/wp-content\/uploads\/2025\/03\/LILIANA_02.mp3\"><\/audio><\/figure>\n\n\n\n<p>La provincia atraviesa desde hace un a\u00f1o un contexto represivo que<strong> Liliana Condor\u00ed <\/strong>advierte especialmente desde \u00abel a\u00f1o 2024 que se sancion\u00f3 la reforma de la Constituci\u00f3n, tenemos prohibido realizar marcha o cortar calles. Como decimos siempre ac\u00e1 en Jujuy ha sido el laboratorio de todas las pol\u00edticas de represi\u00f3n que se est\u00e1n aplicando ahora a nivel nacional. Esto ya lo venimos padeciendo de antes, hemos tenido compa\u00f1eros y compa\u00f1eras a las que le sacaron los ojos cuando fueron las manifestaciones por la aprobaci\u00f3n de la Constituci\u00f3n y tambi\u00e9n tenemos gente a la que se le arm\u00f3 causas.Tenemos compa\u00f1eros y compa\u00f1eras que todav\u00eda la siguen peleando en tribunales por la por las multas que, la verdad causan gracias, por los montos que tienen porque son impagables. No est\u00e1 nada f\u00e1cil para qui\u00e9nes est\u00e1n y estamos en la calle. Hay compa\u00f1eros y compa\u00f1eras que est\u00e1n m\u00e1s comprometidos con esa lucha y estas cosas nos hacen ac\u00e1\u00bb.<\/p>\n\n\n\n<figure class=\"wp-block-audio\"><audio controls src=\"https:\/\/fmlatribu.com\/noticias\/wp-content\/uploads\/2025\/03\/LILIANA_03.mp3\"><\/audio><\/figure>\n\n\n\n<p>Por \u00faltimo, la militante de HIJOS Jujuy, afirm\u00f3 que \u00abm\u00e1s all\u00e1 digamos de las causas que se est\u00e1n armando, a\u00fan as\u00ed, no hemos bajado los brazos y seguimos saliendo. Puede ser una limitaci\u00f3n en cuanto a las convocatorias porque cada vez vemos que menos gente est\u00e1 participando de las marchas o de las reuniones que hacemos frente a la Casa de Gobierno, pero seguimos en pie, m\u00e1s all\u00e1 de la pedrada, todo lo que me haya ca\u00eddo en la cabeza, creo que eso no nos va a parar. No es suficiente eso para poner freno a lo que estamos haciendo y a lo que nosotros reivindicamos cada 24 de marzo\u00bb.<\/p>\n\n\n\n<figure class=\"wp-block-audio\"><audio controls src=\"https:\/\/fmlatribu.com\/noticias\/wp-content\/uploads\/2025\/03\/LILIANA_04.mp3\"><\/audio><\/figure>\n\n\n\n<p><strong>Producci\u00f3n: Pasadas por alto<\/strong><\/p>\n","protected":false},"excerpt":{"rendered":"<p>El pasado lunes 24 de marzo, en la marcha del D\u00eda Nacional de la Memoria, por la Verdad y la Justicia en la ciudad de Jujuy, Liliana Condor\u00ed, hija del ex preso pol\u00edtico Hugo Condor\u00ed, fue herida en la cabeza por una piedra arrojada durante la movilizaci\u00f3n. Desde HIJOS Jujuy advirtieron que este ataque no [&hellip;]<\/p>\n","protected":false},"author":4,"featured_media":58332,"comment_status":"closed","ping_status":"closed","sticky":false,"template":"","format":"standard","meta":{"footnotes":""},"categories":[438],"tags":[348,1408,960,421],"class_list":["post-58327","post","type-post","status-publish","format-standard","has-post-thumbnail","hentry","category-politica","tag-24-de-marzo","tag-ataque","tag-hijos","tag-jujuy"],"_links":{"self":[{"href":"https:\/\/fmlatribu.com\/noticias\/wp-json\/wp\/v2\/posts\/58327","targetHints":{"allow":["GET"]}}],"collection":[{"href":"https:\/\/fmlatribu.com\/noticias\/wp-json\/wp\/v2\/posts"}],"about":[{"href":"https:\/\/fmlatribu.com\/noticias\/wp-json\/wp\/v2\/types\/post"}],"author":[{"embeddable":true,"href":"https:\/\/fmlatribu.com\/noticias\/wp-json\/wp\/v2\/users\/4"}],"replies":[{"embeddable":true,"href":"https:\/\/fmlatribu.com\/noticias\/wp-json\/wp\/v2\/comments?post=58327"}],"version-history":[{"count":1,"href":"https:\/\/fmlatribu.com\/noticias\/wp-json\/wp\/v2\/posts\/58327\/revisions"}],"predecessor-version":[{"id":58333,"href":"https:\/\/fmlatribu.com\/noticias\/wp-json\/wp\/v2\/posts\/58327\/revisions\/58333"}],"wp:featuredmedia":[{"embeddable":true,"href":"https:\/\/fmlatribu.com\/noticias\/wp-json\/wp\/v2\/media\/58332"}],"wp:attachment":[{"href":"https:\/\/fmlatribu.com\/noticias\/wp-json\/wp\/v2\/media?parent=58327"}],"wp:term":[{"taxonomy":"category","embeddable":true,"href":"https:\/\/fmlatribu.com\/noticias\/wp-json\/wp\/v2\/categories?post=58327"},{"taxonomy":"post_tag","embeddable":true,"href":"https:\/\/fmlatribu.com\/noticias\/wp-json\/wp\/v2\/tags?post=58327"}],"curies":[{"name":"wp","href":"https:\/\/api.w.org\/{rel}","templated":true}]}}