{"id":58465,"date":"2025-04-24T12:15:00","date_gmt":"2025-04-24T15:15:00","guid":{"rendered":"https:\/\/fmlatribu.com\/noticias\/?p=58465"},"modified":"2025-04-24T12:15:46","modified_gmt":"2025-04-24T15:15:46","slug":"elecciones-legislativas-en-caba","status":"publish","type":"post","link":"https:\/\/fmlatribu.com\/noticias\/elecciones-legislativas-en-caba\/","title":{"rendered":"Elecciones legislativas en CABA"},"content":{"rendered":"\n<p>El pr\u00f3ximo 18 de mayo se elegir\u00e1n legisladores para la Ciudad de Buenos Aires, se renovar\u00e1n 30 de las 60 bancas totales. En este recambio el PRO pone 15 bancas en juego, la alianza Es ahora Buenos Aires, 8 y La Libertad Avanza, 6. Las elecciones mantendr\u00e1n el sistema de Boleta \u00danica Electr\u00f3nica (BUE), implementado en los \u00faltimos comicios locales, el sistema electr\u00f3nico ser\u00e1 utilizado nuevamente tanto para la emisi\u00f3n del voto, el escrutinio de mesas y la transmisi\u00f3n de resultados provisorios.<\/p>\n\n\n\n<p>En total son 17 las listas que se presentar\u00e1n en las pr\u00f3ximas elecciones legislativas. Entre las principales cabezas de los espacios se encuentran: Silvia\u00a0Lospennato (PRO), Leandro\u00a0Santoro (UP), Manuel\u00a0Adorni (LLA), Horacio\u00a0Rodr\u00edguez Larreta (Propuesta Republicana), Ramiro\u00a0Marra (UCeDe), \u00a0Vanina Biassi (FIT-U), Federico Winokur (La Izquierda en la Ciudad). <\/p>\n\n\n\n<p>\u00ab<em>Creo que tenemos que ocupar puestos en la Legislatura los trabajadores. Nosotros proponemos renovar a la izquierda, por eso armamos esta lista, que es la m\u00e1s joven de la elecci\u00f3n y venimos a dar un debate de fondo, discutir ideas profundas y cuestionar al capitalismo. Tenemos que presentar proyectos concretos que modifiquen c\u00f3mo se vive<\/em>. <em>Sabemos que no alcanza nada m\u00e1s con que yo sea legislador, hay que apoyarse en todos los sectores de la ciudad que est\u00e1n reclamando y que fueron los verdaderos opositores al gobierno de Milei<\/em>\u00ab, sostuvo <strong>Federico Winokur, candidato de La Izquierda en la Ciudad<\/strong>. En cuanto a las votaciones dentro del propio recinto indic\u00f3, \u00ab<em>no tenemos un problema de principios con votar una cosa con otro sector, el problema es que muchas veces dentro de los proyectos se trafican muchas cosas<\/em>\u00ab. <\/p>\n\n\n\n<figure class=\"wp-block-audio\"><audio controls src=\"https:\/\/fmlatribu.com\/noticias\/wp-content\/uploads\/2025\/04\/winikour1.mp3\"><\/audio><\/figure>\n\n\n\n<p>En t\u00e9rminos de los discursos electorales y las propuestas de campa\u00f1a se refiri\u00f3 particularmente a los dichos de Marra, quien asever\u00f3, \u00absaquemos a los fisuras de la calle\u00bb.<\/p>\n\n\n\n<p>\u00ab<em>Cuando Marra dice eso, lo que est\u00e1 diciendo es que se muera la gente que vive en la calle. En vez de hablar de la composici\u00f3n social en la que vivimos, donde hay cada vez m\u00e1s y m\u00e1s gente en la calle, no propone nada, simplemente dice que hay que eliminarlos y eso es de facho y no se deber\u00eda poder decir en voz alta en la campa\u00f1a<\/em>\u00ab, argument\u00f3 <strong>Winokur<\/strong>.<\/p>\n\n\n\n<p>Por \u00faltimo, en cuanto a la candidatura y la propuesta de Adorni, sostuvo: \u00ab<em>Creo que su propuesta es profundizar los ataques a los sectores populares en la ciudad. Es imprevisible hasta donde puede llegar esto. Despu\u00e9s sabemos que son los defensores m\u00e1s f\u00e9rreos del capitalismo que hay. Defienden que el capitalismo y el mercado puedan reinar por sobre todo. Ah\u00ed es como que somos el opuesto a Adorni, porque nosotros decimos que somos una propuesta anticapitalista<\/em>\u00ab, finaliz\u00f3.<\/p>\n\n\n\n<div style=\"height:56px\" aria-hidden=\"true\" class=\"wp-block-spacer\"><\/div>\n\n\n\n<p>Producci\u00f3n: Eso que falta<br>Foto: Nuevo M\u00e1s<\/p>\n","protected":false},"excerpt":{"rendered":"<p>El pr\u00f3ximo 18 de mayo se elegir\u00e1n legisladores para la Ciudad de Buenos Aires, se renovar\u00e1n 30 de las 60 bancas totales. En este recambio el PRO pone 15 bancas en juego, la alianza Es ahora Buenos Aires, 8 y La Libertad Avanza, 6. Las elecciones mantendr\u00e1n el sistema de Boleta \u00danica Electr\u00f3nica (BUE), implementado [&hellip;]<\/p>\n","protected":false},"author":4,"featured_media":58466,"comment_status":"closed","ping_status":"closed","sticky":false,"template":"","format":"standard","meta":{"footnotes":""},"categories":[439,438],"tags":[630,1443,1442,1441],"class_list":["post-58465","post","type-post","status-publish","format-standard","has-post-thumbnail","hentry","category-derecho-a-la-ciudad","category-politica","tag-elecciones-caba","tag-elecciones-legislativas-2","tag-nuevo-mas","tag-winokur"],"_links":{"self":[{"href":"https:\/\/fmlatribu.com\/noticias\/wp-json\/wp\/v2\/posts\/58465","targetHints":{"allow":["GET"]}}],"collection":[{"href":"https:\/\/fmlatribu.com\/noticias\/wp-json\/wp\/v2\/posts"}],"about":[{"href":"https:\/\/fmlatribu.com\/noticias\/wp-json\/wp\/v2\/types\/post"}],"author":[{"embeddable":true,"href":"https:\/\/fmlatribu.com\/noticias\/wp-json\/wp\/v2\/users\/4"}],"replies":[{"embeddable":true,"href":"https:\/\/fmlatribu.com\/noticias\/wp-json\/wp\/v2\/comments?post=58465"}],"version-history":[{"count":2,"href":"https:\/\/fmlatribu.com\/noticias\/wp-json\/wp\/v2\/posts\/58465\/revisions"}],"predecessor-version":[{"id":58469,"href":"https:\/\/fmlatribu.com\/noticias\/wp-json\/wp\/v2\/posts\/58465\/revisions\/58469"}],"wp:featuredmedia":[{"embeddable":true,"href":"https:\/\/fmlatribu.com\/noticias\/wp-json\/wp\/v2\/media\/58466"}],"wp:attachment":[{"href":"https:\/\/fmlatribu.com\/noticias\/wp-json\/wp\/v2\/media?parent=58465"}],"wp:term":[{"taxonomy":"category","embeddable":true,"href":"https:\/\/fmlatribu.com\/noticias\/wp-json\/wp\/v2\/categories?post=58465"},{"taxonomy":"post_tag","embeddable":true,"href":"https:\/\/fmlatribu.com\/noticias\/wp-json\/wp\/v2\/tags?post=58465"}],"curies":[{"name":"wp","href":"https:\/\/api.w.org\/{rel}","templated":true}]}}