{"id":58470,"date":"2025-04-25T09:10:04","date_gmt":"2025-04-25T12:10:04","guid":{"rendered":"https:\/\/fmlatribu.com\/noticias\/?p=58470"},"modified":"2025-04-25T09:12:44","modified_gmt":"2025-04-25T12:12:44","slug":"la-ex-dirigente-de-lla-que-presento-su-propia-lista-en-caba","status":"publish","type":"post","link":"https:\/\/fmlatribu.com\/noticias\/la-ex-dirigente-de-lla-que-presento-su-propia-lista-en-caba\/","title":{"rendered":"La ex dirigente de LLA que present\u00f3 su propia lista en CABA"},"content":{"rendered":"\n<p>El pr\u00f3ximo 18 de mayo se llevar\u00e1n a cabo las elecciones en la Ciudad de Buenos Aires para renovar la mitad de las bancas en la Legislatura Porte\u00f1a, en total son 17 los partidos que presentan candidatxs. Algunas de las personas que han optado por ir con su propia boleta son: Horacio Rodr\u00edguez Larreta, Ramiro Marra y Mila Zurbriggen, una ex dirigente de la Libertad Avanza, quien se presenta por \u00abEl Movimiento &#8211; Nueva Generaci\u00f3n\u00bb, y que abandon\u00f3 el espacio de Milei denunciando que \u00ab<em>se vend\u00edan cargos a cambio de favores sexuales<\/em>\u00ab.<\/p>\n\n\n\n<p>La agenda de <strong>Zurbriggen <\/strong>incluye conceptos como: \u201csoberan\u00eda, renovaci\u00f3n, tecnolog\u00eda\u201d. Adem\u00e1s de seguridad social para lxs trabajadorxs de plataformas, beneficios fiscales para startups y freelancers junto con capacitaciones en habilidades tecnol\u00f3gicas, tambi\u00e9n propone lograr la transparencia legislativa mediante \u00abblockchain\u00bb, una herramienta que, seg\u00fan afirma, \u00ab<em>terminar\u00eda con la opacidad de los contratos p\u00fablico<\/em>s\u00bb.<\/p>\n\n\n\n<blockquote class=\"wp-block-quote is-layout-flow wp-block-quote-is-layout-flow\">\n<p>\u00abYo no me identifico con la derecha argentina. Lo \u00fanico que tengo de derecha es mi posici\u00f3n frente al aborto por cuestiones religiosas personales, pero tambi\u00e9n entiendo que es un debate ya cerrado. Yo me reconozco nacionalista, porque siempre defend\u00ed la soberan\u00eda nacional y nuestro espacio tiene esa orientaci\u00f3n de defender la soberan\u00eda nacional. La soberan\u00eda econ\u00f3mica y la soberan\u00eda tecnol\u00f3gica tambi\u00e9n sobre nuestros datos y nuestra informaci\u00f3n. Mi postura no es ni de izquierda, ni de derecha, sino de tercera posici\u00f3n\u00bb.<\/p>\n<\/blockquote>\n\n\n\n<p>\u00ab<em>Nuestra oferta electoral principalmente lo que plantea es el acceso al empleo. El empleo del siglo XXI tiene que ver con lo que es la industria del conocimiento, ac\u00e1 en la ciudad hay un polo tecnol\u00f3gico que da empleo, pero hay un desaf\u00edo que tiene que ver con que todas las personas puedan acceder<\/em>\u00ab, <strong>Mila Zurbriggen, candidata a legisladora por \u201cEl Movimiento &#8211; Nueva Generaci\u00f3n\u201d<\/strong>,<\/p>\n\n\n\n<figure class=\"wp-block-audio\"><audio controls src=\"https:\/\/fmlatribu.com\/noticias\/wp-content\/uploads\/2025\/04\/audio1.mp3\"><\/audio><\/figure>\n\n\n\n<p>\u00ab<em>Los trabajadores no quieren regular las empresas de plataforma, bajo ning\u00fan concepto. Lo que s\u00ed les gusta es que el Estado se haga cargo de lo que la empresa, no. Con lo cual nosotros lo queremos abordar desde este enfoque, que quiz\u00e1s sea la salida para este tipo de obreros nuevos que existen<\/em>. <em>Los trabajadores no quieren la regulaci\u00f3n porque las empresas son bastante claras con respecto a que se van de los pa\u00edses en donde las regulan<\/em>\u00ab, argument\u00f3.<\/p>\n\n\n\n<p>Por \u00faltimo, se refiri\u00f3 a la gesti\u00f3n de la Ciudad de Buenos Aires de los \u00faltimos 20 a\u00f1os: \u00ab<em>El problema de la gesti\u00f3n es su esencia y c\u00f3mo est\u00e1 pensada. Est\u00e1 pensada para parecer una ciudad impoluta, pero cuando vas al fondo de lo que se hizo se privilegiaron ciertos barrios sobre otros<\/em>\u00ab, finaliz\u00f3 <strong>Zurbriggen<\/strong>.<\/p>\n\n\n\n<figure class=\"wp-block-audio\"><audio controls src=\"https:\/\/fmlatribu.com\/noticias\/wp-content\/uploads\/2025\/04\/audio2.mp3\"><\/audio><\/figure>\n\n\n\n<div style=\"height:46px\" aria-hidden=\"true\" class=\"wp-block-spacer\"><\/div>\n\n\n\n<p>Producci\u00f3n: Eso que falta<br><\/p>\n\n\n\n<p><\/p>\n","protected":false},"excerpt":{"rendered":"<p>El pr\u00f3ximo 18 de mayo se llevar\u00e1n a cabo las elecciones en la Ciudad de Buenos Aires para renovar la mitad de las bancas en la Legislatura Porte\u00f1a, en total son 17 los partidos que presentan candidatxs. Algunas de las personas que han optado por ir con su propia boleta son: Horacio Rodr\u00edguez Larreta, Ramiro [&hellip;]<\/p>\n","protected":false},"author":4,"featured_media":58472,"comment_status":"closed","ping_status":"closed","sticky":false,"template":"","format":"standard","meta":{"footnotes":""},"categories":[438],"tags":[1444,1446,659,1445],"class_list":["post-58470","post","type-post","status-publish","format-standard","has-post-thumbnail","hentry","category-politica","tag-el-movimiento-nueva-generacion","tag-elecciones-legislativas-caba","tag-legislatura-portena","tag-mila-zurbriggen"],"_links":{"self":[{"href":"https:\/\/fmlatribu.com\/noticias\/wp-json\/wp\/v2\/posts\/58470","targetHints":{"allow":["GET"]}}],"collection":[{"href":"https:\/\/fmlatribu.com\/noticias\/wp-json\/wp\/v2\/posts"}],"about":[{"href":"https:\/\/fmlatribu.com\/noticias\/wp-json\/wp\/v2\/types\/post"}],"author":[{"embeddable":true,"href":"https:\/\/fmlatribu.com\/noticias\/wp-json\/wp\/v2\/users\/4"}],"replies":[{"embeddable":true,"href":"https:\/\/fmlatribu.com\/noticias\/wp-json\/wp\/v2\/comments?post=58470"}],"version-history":[{"count":2,"href":"https:\/\/fmlatribu.com\/noticias\/wp-json\/wp\/v2\/posts\/58470\/revisions"}],"predecessor-version":[{"id":58476,"href":"https:\/\/fmlatribu.com\/noticias\/wp-json\/wp\/v2\/posts\/58470\/revisions\/58476"}],"wp:featuredmedia":[{"embeddable":true,"href":"https:\/\/fmlatribu.com\/noticias\/wp-json\/wp\/v2\/media\/58472"}],"wp:attachment":[{"href":"https:\/\/fmlatribu.com\/noticias\/wp-json\/wp\/v2\/media?parent=58470"}],"wp:term":[{"taxonomy":"category","embeddable":true,"href":"https:\/\/fmlatribu.com\/noticias\/wp-json\/wp\/v2\/categories?post=58470"},{"taxonomy":"post_tag","embeddable":true,"href":"https:\/\/fmlatribu.com\/noticias\/wp-json\/wp\/v2\/tags?post=58470"}],"curies":[{"name":"wp","href":"https:\/\/api.w.org\/{rel}","templated":true}]}}