{"id":58477,"date":"2025-04-26T17:46:40","date_gmt":"2025-04-26T20:46:40","guid":{"rendered":"https:\/\/fmlatribu.com\/noticias\/?p=58477"},"modified":"2025-05-01T14:05:45","modified_gmt":"2025-05-01T17:05:45","slug":"meter-a-un-pibe-a-los-13-anos-en-el-dispositivo-penal-tiene-consecuencias-a-futuro","status":"publish","type":"post","link":"https:\/\/fmlatribu.com\/noticias\/meter-a-un-pibe-a-los-13-anos-en-el-dispositivo-penal-tiene-consecuencias-a-futuro\/","title":{"rendered":"\u00abMeter a un pibe de 13 a\u00f1os en el dispositivo penal tiene consecuencias a futuro\u00bb"},"content":{"rendered":"\n<p>Catorce proyectos de ley pasaron por la Comisi\u00f3n de Ni\u00f1ez, Familia y Juventud del Congreso Nacional, pero a\u00fan ninguno obtuvo dictamen. El eje com\u00fan en la mayor\u00eda de las iniciativas parece ser uno solo: <strong>bajar la edad de punibilidad.<\/strong> De los 14 proyectos que est\u00e1n en discusi\u00f3n, 12 proponen bajar la edad de punibilidad. Solo dos \u2014presentados por las diputadas Eugenia Alianiello y Natalia Zaracho\u2014 buscan ajustarse a los est\u00e1ndares internacionales de derechos humanos que la propia Argentina promovi\u00f3 y firm\u00f3.<\/p>\n\n\n\n<p><strong>Karina Valobra<\/strong> integrante de la Red de Docentes, Familias y Organizaciones de Bajo Flores que a su vez son parte de la mesa de articulaci\u00f3n de ni\u00f1ez y adolescencia de Argentina, comenta sobre el tema: <em>\u00abHay muchas posibilidades de que las Comisiones de la C\u00e1mara de Diputados puedan dictaminar sobre alguna de las propuestas, son numerosas, solo 2 no contemplan la baja de la edad de punibilidad. En la actualidasd hay un sistema de responsabilidad juvenil por el cual ni\u00f1os, ni\u00f1as y adolescentes son privados de su libertad. No es que hoy no sucede nada si un adolescente comete una infracci\u00f3n. Esto esta orientado a generar una falsa relaci\u00f3n entre las situaciones que ciertamente suceden en relaci\u00f3n a la inseguridad, y el crecimiento del delito juvenil, que es contrario a las estad\u00edsticas que la propia Corte Suprema de Justicia, evidencian\u00bb.<\/em><\/p>\n\n\n\n<figure class=\"wp-block-audio\"><audio controls src=\"https:\/\/fmlatribu.com\/noticias\/wp-content\/uploads\/2025\/04\/1-sobre-los-poryectos.mp3\"><\/audio><\/figure>\n\n\n\n<p><strong>Valobra<\/strong> adem\u00e1s puntualiza la desfinanciaci\u00f3n desde el Ejecutivo a politicas destinadas a las infancias y ni\u00f1eces.<em> \u00abSi bien no hay plata para esas, s\u00ed hay plata para balas, gases, instituciones de encierro, que no solamente no resuelven el problema, en primer lugar, sino que garantizan que a futuro ese problema se agrave\u00bb.<\/em><\/p>\n\n\n\n<figure class=\"wp-block-audio\"><audio controls src=\"https:\/\/fmlatribu.com\/noticias\/wp-content\/uploads\/2025\/04\/2-lxs-pibes.mp3\"><\/audio><\/figure>\n\n\n\n<p>La Comisi\u00f3n de Legislaci\u00f3n Penal, Hacienda y Familia va a debatir el tema el pr\u00f3ximo mi\u00e9rcoles 30 de abril, habi\u00e9ndose postergado por el luto debido a la muerte del Papa Francisco.  La Red de Docentes, Familias y Organizaciones del Bajo Flores, junto a varias organizaciones, vienen realizando actividades y visibilizando en la calle el rechazo a estos proyectos y a la baja de la edad de punibilidad.<\/p>\n\n\n\n<figure class=\"wp-block-audio\"><audio controls src=\"https:\/\/fmlatribu.com\/noticias\/wp-content\/uploads\/2025\/04\/3-se-trataria-el-30.mp3\"><\/audio><\/figure>\n\n\n\n<p>*Producci\u00f3n: Charco de Arena.<\/p>\n\n\n\n<p>*Foto: Agencia FARCO<\/p>\n","protected":false},"excerpt":{"rendered":"<p>Catorce proyectos de ley pasaron por la Comisi\u00f3n de Ni\u00f1ez, Familia y Juventud del Congreso Nacional, pero a\u00fan ninguno obtuvo dictamen. El eje com\u00fan en la mayor\u00eda de las iniciativas parece ser uno solo: bajar la edad de punibilidad. De los 14 proyectos que est\u00e1n en discusi\u00f3n, 12 proponen bajar la edad de punibilidad. Solo [&hellip;]<\/p>\n","protected":false},"author":3,"featured_media":58479,"comment_status":"closed","ping_status":"closed","sticky":false,"template":"","format":"standard","meta":{"footnotes":""},"categories":[438],"tags":[809,1447,1448,805,953,808,1122,1222],"class_list":["post-58477","post","type-post","status-publish","format-standard","has-post-thumbnail","hentry","category-politica","tag-adolescencias","tag-baja-punibilidad","tag-carcel","tag-infancias","tag-juventudes","tag-ninez","tag-proyecto-de-ley","tag-sistema-penal"],"_links":{"self":[{"href":"https:\/\/fmlatribu.com\/noticias\/wp-json\/wp\/v2\/posts\/58477","targetHints":{"allow":["GET"]}}],"collection":[{"href":"https:\/\/fmlatribu.com\/noticias\/wp-json\/wp\/v2\/posts"}],"about":[{"href":"https:\/\/fmlatribu.com\/noticias\/wp-json\/wp\/v2\/types\/post"}],"author":[{"embeddable":true,"href":"https:\/\/fmlatribu.com\/noticias\/wp-json\/wp\/v2\/users\/3"}],"replies":[{"embeddable":true,"href":"https:\/\/fmlatribu.com\/noticias\/wp-json\/wp\/v2\/comments?post=58477"}],"version-history":[{"count":4,"href":"https:\/\/fmlatribu.com\/noticias\/wp-json\/wp\/v2\/posts\/58477\/revisions"}],"predecessor-version":[{"id":58485,"href":"https:\/\/fmlatribu.com\/noticias\/wp-json\/wp\/v2\/posts\/58477\/revisions\/58485"}],"wp:featuredmedia":[{"embeddable":true,"href":"https:\/\/fmlatribu.com\/noticias\/wp-json\/wp\/v2\/media\/58479"}],"wp:attachment":[{"href":"https:\/\/fmlatribu.com\/noticias\/wp-json\/wp\/v2\/media?parent=58477"}],"wp:term":[{"taxonomy":"category","embeddable":true,"href":"https:\/\/fmlatribu.com\/noticias\/wp-json\/wp\/v2\/categories?post=58477"},{"taxonomy":"post_tag","embeddable":true,"href":"https:\/\/fmlatribu.com\/noticias\/wp-json\/wp\/v2\/tags?post=58477"}],"curies":[{"name":"wp","href":"https:\/\/api.w.org\/{rel}","templated":true}]}}