{"id":58488,"date":"2025-04-30T01:35:28","date_gmt":"2025-04-30T04:35:28","guid":{"rendered":"https:\/\/fmlatribu.com\/noticias\/?p=58488"},"modified":"2025-05-08T20:42:33","modified_gmt":"2025-05-08T23:42:33","slug":"es-importante-visibilizar-la-violencia-hacia-la-prensa","status":"publish","type":"post","link":"https:\/\/fmlatribu.com\/noticias\/es-importante-visibilizar-la-violencia-hacia-la-prensa\/","title":{"rendered":"\u00abEs importante visibilizar la violencia hacia la prensa\u00bb"},"content":{"rendered":"\n<p>El contexto de violencia actual hacia la prensa se compone, entre otras cosas, de una serie de episodios represivos contra periodistas, noterxs y fotorreporterxs, especialmente desde la implementaci\u00f3n de la Resoluci\u00f3n 943\/2023, o  \u201cProtocolo antipiquetes\u201d de la ministra de seguridad Patricia Bullrich. La resoluci\u00f3n admite, por ejemplo, el disparo de cartuchos de gas lacrim\u00f3geno en manifestaciones que pusieron en juego la vida de Pablo Grillo. La violencia es responsabilidad del Poder Ejecutivo y se evidencia, por ejemplo, con la amenaza de desalojo de El Grito del Sur del ex centro clandestino de detenci\u00f3n \u201cVirrey Cevallos\u201d o el ataque sufrido por el periodista Roberto Navarro. A su vez, el presidente Javier Milei llama \u00absicarios con credencial\u00bb a los periodistas, y pide p\u00fablicamente \u00abodiar m\u00e1s\u00bb a quienes piensan distinto.<\/p>\n\n\n\n<p><strong>Agustin Lecchi<\/strong>,<strong> <\/strong>trabajador de prensa y Secretario general de SiPreBA, analiza la situaci\u00f3n de reiterada y sistem\u00e1tica violencia hacia la prensa: <em>\u00abHay una cantidad de hechos de hostigamiento y violencia hacia la prensa, desde normativas, hasta ataques digitales en las redes sociales, hasta cartas documentos judicializando a quienes piensan distinto\u00bb. <\/em><\/p>\n\n\n\n<figure class=\"wp-block-audio\"><audio controls src=\"https:\/\/fmlatribu.com\/noticias\/wp-content\/uploads\/2025\/04\/LECCHI-1.mp3\"><\/audio><\/figure>\n\n\n\n<p>Adem\u00e1s, <strong>Lecchi<\/strong> resalta que el protocolo de Bullrich es de la represi\u00f3n y la muerte, viola el derecho a la protesta que es un derecho constitucional: <em>\u00abel 12 de marzo tiraron a matar, de milagro no tuvimos v\u00edctimas fatales.<\/em> <em>Sab\u00edamos que iba a pasar, el gobierno est\u00e1 generando un clima de odio. La represi\u00f3n que est\u00e1n haciendo es a la prensa y a la protesta\u00bb. <\/em><\/p>\n\n\n\n<figure class=\"wp-block-audio\"><audio controls src=\"https:\/\/fmlatribu.com\/noticias\/wp-content\/uploads\/2025\/04\/LECCHI-2.mp3\"><\/audio><\/figure>\n\n\n\n<blockquote class=\"wp-block-quote is-layout-flow wp-block-quote-is-layout-flow\">\n<p>Hay una guerra que est\u00e1 declarada de parte del gobierno contra el periodismo y contra todxs quienes deciden protestar y poner freno al avance sobre los derechos democr\u00e1ticos y sociales que estamos sufriendo desde diciembre del 2023.<\/p>\n<\/blockquote>\n\n\n\n<p>Por \u00faltimo, el Secretario general de SiPreBA, comenta la situaci\u00f3n que antecede al gobierno actual de precarizaci\u00f3n del sector de prensa a lo cual se le sum\u00f3 desde el gobierno de Milei, \u00ab<em>los ataques sistem\u00e1ticos, un intento de destrucci\u00f3n de los medios p\u00fablicos y el ataque a los medios populares y autogestivos. En definitiva un ataque al derecho de la informaci\u00f3n y la pluralidad de voces. Tambi\u00e9n siempre fuimos cr\u00edticos de c\u00f3mo se reparti\u00f3 la pauta publicitaria p\u00fablica, siempre creimos que deb\u00eda distribuirse de manera federal y democr\u00e1tica, y hoy la eliminacion que hace Milei de esta pauta la hizo de manera absolutamente discrecional. Hoy no hay planes de fomento ni subsidios para medios de comunicaci\u00f3n distintos, esto tambi\u00e9n es parte de la destrucci\u00f3n de los medios autogestivos y de su rol social.\u00bb<\/em><\/p>\n\n\n\n<figure class=\"wp-block-audio\"><audio controls src=\"https:\/\/fmlatribu.com\/noticias\/wp-content\/uploads\/2025\/04\/LECCHI-3.mp3\"><\/audio><\/figure>\n\n\n\n<p>*Producci\u00f3n: Algo con erre<\/p>\n\n\n\n<p>*Foto: FOPEA<\/p>\n","protected":false},"excerpt":{"rendered":"<p>El contexto de violencia actual hacia la prensa se compone, entre otras cosas, de una serie de episodios represivos contra periodistas, noterxs y fotorreporterxs, especialmente desde la implementaci\u00f3n de la Resoluci\u00f3n 943\/2023, o \u201cProtocolo antipiquetes\u201d de la ministra de seguridad Patricia Bullrich. La resoluci\u00f3n admite, por ejemplo, el disparo de cartuchos de gas lacrim\u00f3geno en [&hellip;]<\/p>\n","protected":false},"author":3,"featured_media":58489,"comment_status":"closed","ping_status":"closed","sticky":false,"template":"","format":"standard","meta":{"footnotes":""},"categories":[438],"tags":[1449,645],"class_list":["post-58488","post","type-post","status-publish","format-standard","has-post-thumbnail","hentry","category-politica","tag-gobierno-nacional","tag-prensa"],"_links":{"self":[{"href":"https:\/\/fmlatribu.com\/noticias\/wp-json\/wp\/v2\/posts\/58488","targetHints":{"allow":["GET"]}}],"collection":[{"href":"https:\/\/fmlatribu.com\/noticias\/wp-json\/wp\/v2\/posts"}],"about":[{"href":"https:\/\/fmlatribu.com\/noticias\/wp-json\/wp\/v2\/types\/post"}],"author":[{"embeddable":true,"href":"https:\/\/fmlatribu.com\/noticias\/wp-json\/wp\/v2\/users\/3"}],"replies":[{"embeddable":true,"href":"https:\/\/fmlatribu.com\/noticias\/wp-json\/wp\/v2\/comments?post=58488"}],"version-history":[{"count":9,"href":"https:\/\/fmlatribu.com\/noticias\/wp-json\/wp\/v2\/posts\/58488\/revisions"}],"predecessor-version":[{"id":58504,"href":"https:\/\/fmlatribu.com\/noticias\/wp-json\/wp\/v2\/posts\/58488\/revisions\/58504"}],"wp:featuredmedia":[{"embeddable":true,"href":"https:\/\/fmlatribu.com\/noticias\/wp-json\/wp\/v2\/media\/58489"}],"wp:attachment":[{"href":"https:\/\/fmlatribu.com\/noticias\/wp-json\/wp\/v2\/media?parent=58488"}],"wp:term":[{"taxonomy":"category","embeddable":true,"href":"https:\/\/fmlatribu.com\/noticias\/wp-json\/wp\/v2\/categories?post=58488"},{"taxonomy":"post_tag","embeddable":true,"href":"https:\/\/fmlatribu.com\/noticias\/wp-json\/wp\/v2\/tags?post=58488"}],"curies":[{"name":"wp","href":"https:\/\/api.w.org\/{rel}","templated":true}]}}