{"id":58531,"date":"2025-05-01T18:03:12","date_gmt":"2025-05-01T21:03:12","guid":{"rendered":"https:\/\/fmlatribu.com\/noticias\/?p=58531"},"modified":"2025-05-19T18:08:19","modified_gmt":"2025-05-19T21:08:19","slug":"elecciones-portenas-la-candidatura-de-trimarchi-por-el-fitu","status":"publish","type":"post","link":"https:\/\/fmlatribu.com\/noticias\/elecciones-portenas-la-candidatura-de-trimarchi-por-el-fitu\/","title":{"rendered":"Elecciones porte\u00f1as: la candidatura de Trimarchi por el FITU"},"content":{"rendered":"\n<p><strong>Mercedes Trimarchi<\/strong>, diputada de la Ciudad por el<strong> FIT Unidad<\/strong>, destac\u00f3 las principales consignas de su candidatura para renovar su banca en las pr\u00f3ximas elecciones porte\u00f1as del 18 de mayo.&nbsp;<br><br>Como ejes problem\u00e1ticos de la gesti\u00f3n de<strong> Jorge Macri<\/strong>, Trimarchi subray\u00f3 la crisis habitacional y la precarizaci\u00f3n laboral en educaci\u00f3n y salud:<em> \u201cLa definimos como una gesti\u00f3n al servicio de cumplir con el prop\u00f3sito, las metas y el ajuste que propone Milei a nivel nacional\u201d.<\/em><\/p>\n\n\n\n<figure class=\"wp-block-audio\"><audio controls src=\"https:\/\/fmlatribu.com\/noticias\/wp-content\/uploads\/2025\/05\/1-1.mp3\"><\/audio><\/figure>\n\n\n\n<p><\/p>\n\n\n\n<p>En materia de reformas en <strong>educaci\u00f3n media<\/strong>, la diputada insisti\u00f3 en la falta de una mirada integral por parte del <strong>Pro<\/strong>, que en 18 a\u00f1os ya ha impuesto tres reformas curriculares que no responden al contexto real de las aulas: <em>\u201cNo es un problema de lo que se ense\u00f1a, si no de las condiciones en las que se ense\u00f1a y se aprende\u201d.&nbsp;<\/em><\/p>\n\n\n\n<figure class=\"wp-block-audio\"><audio controls src=\"https:\/\/fmlatribu.com\/noticias\/wp-content\/uploads\/2025\/05\/2-1.mp3\"><\/audio><\/figure>\n\n\n\n<p><\/p>\n\n\n\n<p>Trimarchi identific\u00f3 la misma falta de respuestas en torno a la<strong> salud porte\u00f1a<\/strong> y remarc\u00f3 la lucha por la profesionalizaci\u00f3n de la enfermer\u00eda: <em>\u201cEl a\u00f1o pasado fue realmente un acto de discrminaci\u00f3n tremendo para las enfermeras y los enfermeros, que son quienes sostienen el sistema de salud\u201d.&nbsp;<\/em><\/p>\n\n\n\n<figure class=\"wp-block-audio\"><audio controls src=\"https:\/\/fmlatribu.com\/noticias\/wp-content\/uploads\/2025\/05\/3-1.mp3\"><\/audio><\/figure>\n\n\n\n<p><\/p>\n\n\n\n<p>Por otro lado, se expres\u00f3 respecto a la <strong>crisis habitacional<\/strong> que transcurre en la Ciudad, en reclamo contra la llamativa cantidad de viviendas ociosas, concentradas en manos de grandes empresarios. Ante esta situaci\u00f3n, focaliz\u00f3 en la necesidad de regular el mercado inmobiliario, teniendo como prioridad el acceso a la vivienda.&nbsp;<\/p>\n\n\n\n<figure class=\"wp-block-audio\"><audio controls src=\"https:\/\/fmlatribu.com\/noticias\/wp-content\/uploads\/2025\/05\/4-1.mp3\"><\/audio><\/figure>\n\n\n\n<p>Como respuesta a esta situaci\u00f3n, desde su candidatura defiende el acceso a cr\u00e9ditos a tasa cero para la vivienda \u00fanica familiar, la propuesta de cobrar impuestos progresivos a inmuebles ociosos y la construcci\u00f3n de viviendas populares. Y manifest\u00f3: <em>\u201cCon los cr\u00e9ditos inmobiliarios que hay, ninguna trabajadora puede acceder. Una enfermera o una maestra que vive, trabaja y tributa en la Ciudad, no puede acceder a las condiciones de los cr\u00e9ditos actuales\u201d.&nbsp;<\/em><\/p>\n\n\n\n<p>Por \u00faltimo, insisti\u00f3 en la importancia de la votaci\u00f3n del<strong> 18 de mayo<\/strong>, resaltando el rol del FIT como \u00fanico espacio que contempla las necesidades m\u00e1s urgentes de las y los porte\u00f1os.<\/p>\n\n\n\n<figure class=\"wp-block-audio\"><audio controls src=\"https:\/\/fmlatribu.com\/noticias\/wp-content\/uploads\/2025\/05\/5.mp3\"><\/audio><\/figure>\n\n\n\n<p>*Producci\u00f3n: Eso que Falta<\/p>\n","protected":false},"excerpt":{"rendered":"<p>Mercedes Trimarchi, diputada de la Ciudad por el FIT Unidad, destac\u00f3 las principales consignas de su candidatura para renovar su banca en las pr\u00f3ximas elecciones porte\u00f1as del 18 de mayo.&nbsp; Como ejes problem\u00e1ticos de la gesti\u00f3n de Jorge Macri, Trimarchi subray\u00f3 la crisis habitacional y la precarizaci\u00f3n laboral en educaci\u00f3n y salud: \u201cLa definimos como [&hellip;]<\/p>\n","protected":false},"author":4,"featured_media":58539,"comment_status":"closed","ping_status":"closed","sticky":false,"template":"","format":"standard","meta":{"footnotes":""},"categories":[438],"tags":[210,630,659,604],"class_list":["post-58531","post","type-post","status-publish","format-standard","has-post-thumbnail","hentry","category-politica","tag-caba","tag-elecciones-caba","tag-legislatura-portena","tag-politica"],"_links":{"self":[{"href":"https:\/\/fmlatribu.com\/noticias\/wp-json\/wp\/v2\/posts\/58531","targetHints":{"allow":["GET"]}}],"collection":[{"href":"https:\/\/fmlatribu.com\/noticias\/wp-json\/wp\/v2\/posts"}],"about":[{"href":"https:\/\/fmlatribu.com\/noticias\/wp-json\/wp\/v2\/types\/post"}],"author":[{"embeddable":true,"href":"https:\/\/fmlatribu.com\/noticias\/wp-json\/wp\/v2\/users\/4"}],"replies":[{"embeddable":true,"href":"https:\/\/fmlatribu.com\/noticias\/wp-json\/wp\/v2\/comments?post=58531"}],"version-history":[{"count":2,"href":"https:\/\/fmlatribu.com\/noticias\/wp-json\/wp\/v2\/posts\/58531\/revisions"}],"predecessor-version":[{"id":58639,"href":"https:\/\/fmlatribu.com\/noticias\/wp-json\/wp\/v2\/posts\/58531\/revisions\/58639"}],"wp:featuredmedia":[{"embeddable":true,"href":"https:\/\/fmlatribu.com\/noticias\/wp-json\/wp\/v2\/media\/58539"}],"wp:attachment":[{"href":"https:\/\/fmlatribu.com\/noticias\/wp-json\/wp\/v2\/media?parent=58531"}],"wp:term":[{"taxonomy":"category","embeddable":true,"href":"https:\/\/fmlatribu.com\/noticias\/wp-json\/wp\/v2\/categories?post=58531"},{"taxonomy":"post_tag","embeddable":true,"href":"https:\/\/fmlatribu.com\/noticias\/wp-json\/wp\/v2\/tags?post=58531"}],"curies":[{"name":"wp","href":"https:\/\/api.w.org\/{rel}","templated":true}]}}